{"id":3386,"date":"2024-07-01T15:46:00","date_gmt":"2024-07-01T15:46:00","guid":{"rendered":"https:\/\/centrodeinvestigacioningenieria.udd.cl\/?post_type=cplus_noticias&#038;p=3386"},"modified":"2024-10-15T14:52:02","modified_gmt":"2024-10-15T14:52:02","slug":"investigadores-dan-cierre-a-proyecto-unesco-de-monitoreo-ambiental-en-reservas-de-biosfera-de-latinoamerica","status":"publish","type":"cplus_noticias","link":"https:\/\/cmas.udd.cl\/en\/cplus_noticias\/investigadores-dan-cierre-a-proyecto-unesco-de-monitoreo-ambiental-en-reservas-de-biosfera-de-latinoamerica\/","title":{"rendered":"Investigadores dan cierre a proyecto UNESCO de monitoreo ambiental en reservas de bi\u00f3sfera de Latinoam\u00e9rica"},"content":{"rendered":"<p>Hace algunos d\u00edas se llev\u00f3 a cabo un seminario online con el objetivo de dar a conocer los resultados finales del proyecto <em>\u201cMonitoreo Ambiental comunitario en reservas de bi\u00f3sfera afectadas por la miner\u00eda y las industrias extractivas\u201d<\/em>, financiado por el Programa de Participaci\u00f3n de la Organizaci\u00f3n de las Naciones Unidas para la Educaci\u00f3n, la Ciencia y la Cultura, UNESCO y con la colaboraci\u00f3n del Centro C+ de Ingenier\u00eda UDD, investigadores de la Universidad de Heidelberg, Alemania, la Universidad T\u00e9cnica Nacional de Costa Rica y la Universidad para la Cooperaci\u00f3n Internacional.&nbsp;&nbsp;<\/p>\n\n\n\n<p>Dicha investigaci\u00f3n, enfoc\u00f3 sus estudios en implementar un modelo comunitario para el monitoreo ambiental y desarrollar tecnolog\u00edas apropiadas para dar respuesta a problemas ambientales presentes y desaf\u00edos futuros, centrados principalmente en Latinoam\u00e9rica y el Caribe.&nbsp;&nbsp;<\/p>\n\n\n\n<p>En el seminario, los investigadores presentaron los resultados y conclusiones recopilados en la investigaci\u00f3n que se hizo en octubre de 2023 alrededor de Crucitas en la Reserva Agua y Paz en Costa Rica, una zona fuertemente afectada por la miner\u00eda ilegal de oro. La investigaci\u00f3n consisti\u00f3 en tomar muestras de agua, suelo, y hojas y medir en situ, adem\u00e1s por medio de talleres con la comunidad, introducir a la ciudadan\u00eda diferentes metodolog\u00edas de monitoreo y hablar de los desaf\u00edos ambientales que quedan por resolver.&nbsp; Uno de los principales puntos expuestos fueron los desaf\u00edos locales que afectan directamente a las reservas de bi\u00f3sfera,&nbsp; presentando problemas para la salud de la poblaci\u00f3n y el medio ambiente.&nbsp;&nbsp;<\/p>\n\n\n\n<p>\u201cEl proyecto de monitoreo ambiental comunitario ha sido un avance significativo en la promoci\u00f3n de relaciones m\u00e1s estrechas entre universidades y gestores de reservas de biosfera. Ha servido como una semilla para empoderar a l\u00edderes locales en la investigaci\u00f3n y evaluaci\u00f3n de los aspectos ambientales y de salud importantes para sus comunidades\u201d, sostuvo Tania Moreno, coordinadora c\u00e1tedra UNESCO en Reservas de Biosferas de la Universidad para la Cooperaci\u00f3n Internacional de Costa Rica.&nbsp;&nbsp;<\/p>\n\n\n\n<p>Por otra parte, durante este evento&nbsp; Javiera Machuca, ge\u00f3grafa, candidata a Doctorado de la Universidad de Heidelberg, present\u00f3 el<strong> <a href=\"https:\/\/territoriokeica.com\/cursos\/monitoreo-ambiental-comunitario-en-reservas-de-la-biosfera-de-unesco\/.\">manual digital y curso online<\/a><\/strong> de acceso abierto a todo p\u00fablico sobre el monitoreo ambiental participativo implementado a lo largo del proyecto: <a href=\"https:\/\/territoriokeica.com\/cursos\/monitoreo-ambiental-comunitario-en-reservas-de-la-biosfera-de-unesco\/\">https:\/\/territoriokeica.com\/cursos\/monitoreo-ambiental-comunitario-en-reservas-de-la-biosfera-de-unesco\/<\/a>.<\/p>\n\n\n\n<p>Respecto a la importancia de la ciencia ciudadana llevada a cabo en el proyecto y su posterior divulgaci\u00f3n con la comunidad, los investigadores involucrados postulan en este material que \u201cel desarrollo de proyectos desde la mirada de la ciencia comunitaria ayuda a democratizar el proceso cient\u00edfico, partiendo del conocimiento comunitario, para la generaci\u00f3n de nuevo conocimiento, poniendo en valor a las comunidades locales. Sin embargo, en estos procesos, es importante mantener protocolos claros y f\u00e1ciles de entender, as\u00ed como rigurosidad en la recopilaci\u00f3n de datos y an\u00e1lisis\u201d.&nbsp;<\/p>\n\n\n\n<p>Para finalizar, Nicol\u00e1s Zanetta, investigador de la Universidad de Heidelberg y del Centro C+, recalc\u00f3 la importancia del v\u00ednculo entre actores p\u00fablicos, comunidades y sector acad\u00e9mico, se\u00f1alando que \u201ccuando consideramos estas 3 dimensiones podemos obtener mejores resultados y respuestas.<em> <\/em>La experiencia nos permite decir esto, fomentar y promover a trav\u00e9s de las metodolog\u00edas y los recursos que hemos propuesto que es una forma importante de hacerle frente a las problem\u00e1ticas que viven las comunidades en territorios en Latinoam\u00e9rica\u201d.&nbsp;<\/p>\n\n\n\n<p>Cabe destacar, que el evento cont\u00f3 con la participaci\u00f3n de miembros de la UNESCO, un panel de ciencia comunitaria compuesto por investigadores y cient\u00edficos del Centro C+ de Ingenier\u00eda UDD, gestores de reservas y docentes de la Universidad T\u00e9cnica Nacional de Costa Rica, entre otros.&nbsp;<\/p>\n\n\n\n<p>El evento online se puede volver a reproducir <strong><a href=\"https:\/\/youtu.be\/OCoPC1Gs9UU?si=gpcU6I_TLrFNn2N2\">aqu\u00ed.<\/a> <\/strong>Pueden ver el manual final del proyecto en este link:\u00a0<a href=\"http:\/\/Pueden ver el manual final del proyecto en este link: Manual proyecto Monitoreo Abiental.\"><strong>Manual proyecto Monitoreo Ambiental.<\/strong><\/a><\/p>\n\n\n\n<figure class=\"wp-block-gallery has-nested-images columns-default is-cropped wp-block-gallery-1 is-layout-flex wp-block-gallery-is-layout-flex\">\n<figure class=\"wp-block-image size-large\"><img fetchpriority=\"high\" decoding=\"async\" width=\"1024\" height=\"576\" data-id=\"3390\" src=\"https:\/\/cmas.udd.cl\/wp-content\/uploads\/2024\/07\/pxl_20231014_165722357-1024x576-1.jpg\" alt=\"\" class=\"wp-image-3390\" srcset=\"https:\/\/cmas.udd.cl\/wp-content\/uploads\/2024\/07\/pxl_20231014_165722357-1024x576-1.jpg 1024w, https:\/\/cmas.udd.cl\/wp-content\/uploads\/2024\/07\/pxl_20231014_165722357-1024x576-1-300x169.jpg 300w, https:\/\/cmas.udd.cl\/wp-content\/uploads\/2024\/07\/pxl_20231014_165722357-1024x576-1-768x432.jpg 768w\" sizes=\"(max-width: 1024px) 100vw, 1024px\" \/><\/figure>\n\n\n\n<figure class=\"wp-block-image size-large\"><img decoding=\"async\" width=\"1024\" height=\"576\" data-id=\"3391\" src=\"https:\/\/cmas.udd.cl\/wp-content\/uploads\/2024\/07\/pxl_20231014_171528997-1024x576-1.jpg\" alt=\"\" class=\"wp-image-3391\" srcset=\"https:\/\/cmas.udd.cl\/wp-content\/uploads\/2024\/07\/pxl_20231014_171528997-1024x576-1.jpg 1024w, https:\/\/cmas.udd.cl\/wp-content\/uploads\/2024\/07\/pxl_20231014_171528997-1024x576-1-300x169.jpg 300w, https:\/\/cmas.udd.cl\/wp-content\/uploads\/2024\/07\/pxl_20231014_171528997-1024x576-1-768x432.jpg 768w\" sizes=\"(max-width: 1024px) 100vw, 1024px\" \/><\/figure>\n\n\n\n<figure class=\"wp-block-image size-large\"><img decoding=\"async\" width=\"1024\" height=\"576\" data-id=\"3388\" src=\"https:\/\/cmas.udd.cl\/wp-content\/uploads\/2024\/07\/pxl_20231013_191215254-1024x576-1.jpg\" alt=\"\" class=\"wp-image-3388\" srcset=\"https:\/\/cmas.udd.cl\/wp-content\/uploads\/2024\/07\/pxl_20231013_191215254-1024x576-1.jpg 1024w, https:\/\/cmas.udd.cl\/wp-content\/uploads\/2024\/07\/pxl_20231013_191215254-1024x576-1-300x169.jpg 300w, https:\/\/cmas.udd.cl\/wp-content\/uploads\/2024\/07\/pxl_20231013_191215254-1024x576-1-768x432.jpg 768w\" sizes=\"(max-width: 1024px) 100vw, 1024px\" \/><\/figure>\n\n\n\n<figure class=\"wp-block-image size-large\"><img loading=\"lazy\" decoding=\"async\" width=\"1024\" height=\"576\" data-id=\"3389\" src=\"https:\/\/cmas.udd.cl\/wp-content\/uploads\/2024\/07\/pxl_20231014_193329184-1024x576-1.jpg\" alt=\"\" class=\"wp-image-3389\" srcset=\"https:\/\/cmas.udd.cl\/wp-content\/uploads\/2024\/07\/pxl_20231014_193329184-1024x576-1.jpg 1024w, https:\/\/cmas.udd.cl\/wp-content\/uploads\/2024\/07\/pxl_20231014_193329184-1024x576-1-300x169.jpg 300w, https:\/\/cmas.udd.cl\/wp-content\/uploads\/2024\/07\/pxl_20231014_193329184-1024x576-1-768x432.jpg 768w\" sizes=\"(max-width: 1024px) 100vw, 1024px\" \/><\/figure>\n\n\n\n<figure class=\"wp-block-image size-large\"><img loading=\"lazy\" decoding=\"async\" width=\"1024\" height=\"576\" data-id=\"3392\" src=\"https:\/\/cmas.udd.cl\/wp-content\/uploads\/2024\/07\/pxl_20231015_155602726-1024x576-1.jpg\" alt=\"\" class=\"wp-image-3392\" srcset=\"https:\/\/cmas.udd.cl\/wp-content\/uploads\/2024\/07\/pxl_20231015_155602726-1024x576-1.jpg 1024w, https:\/\/cmas.udd.cl\/wp-content\/uploads\/2024\/07\/pxl_20231015_155602726-1024x576-1-300x169.jpg 300w, https:\/\/cmas.udd.cl\/wp-content\/uploads\/2024\/07\/pxl_20231015_155602726-1024x576-1-768x432.jpg 768w\" sizes=\"(max-width: 1024px) 100vw, 1024px\" \/><\/figure>\n\n\n\n<figure class=\"wp-block-image size-large\"><img loading=\"lazy\" decoding=\"async\" width=\"1024\" height=\"576\" data-id=\"3393\" src=\"https:\/\/cmas.udd.cl\/wp-content\/uploads\/2024\/07\/img-20231016-wa0060-1024x576-1.jpg\" alt=\"\" class=\"wp-image-3393\" srcset=\"https:\/\/cmas.udd.cl\/wp-content\/uploads\/2024\/07\/img-20231016-wa0060-1024x576-1.jpg 1024w, https:\/\/cmas.udd.cl\/wp-content\/uploads\/2024\/07\/img-20231016-wa0060-1024x576-1-300x169.jpg 300w, https:\/\/cmas.udd.cl\/wp-content\/uploads\/2024\/07\/img-20231016-wa0060-1024x576-1-768x432.jpg 768w\" sizes=\"(max-width: 1024px) 100vw, 1024px\" \/><\/figure>\n\n\n\n<figure class=\"wp-block-image size-large\"><img loading=\"lazy\" decoding=\"async\" width=\"1024\" height=\"1024\" data-id=\"3394\" src=\"https:\/\/cmas.udd.cl\/wp-content\/uploads\/2024\/07\/WhatsApp-Image-2024-06-13-at-07.04.20-1024x1024.jpeg\" alt=\"\" class=\"wp-image-3394\" srcset=\"https:\/\/cmas.udd.cl\/wp-content\/uploads\/2024\/07\/WhatsApp-Image-2024-06-13-at-07.04.20-1024x1024.jpeg 1024w, https:\/\/cmas.udd.cl\/wp-content\/uploads\/2024\/07\/WhatsApp-Image-2024-06-13-at-07.04.20-300x300.jpeg 300w, https:\/\/cmas.udd.cl\/wp-content\/uploads\/2024\/07\/WhatsApp-Image-2024-06-13-at-07.04.20-150x150.jpeg 150w, https:\/\/cmas.udd.cl\/wp-content\/uploads\/2024\/07\/WhatsApp-Image-2024-06-13-at-07.04.20-768x768.jpeg 768w, https:\/\/cmas.udd.cl\/wp-content\/uploads\/2024\/07\/WhatsApp-Image-2024-06-13-at-07.04.20.jpeg 1200w\" sizes=\"(max-width: 1024px) 100vw, 1024px\" \/><\/figure>\n\n\n\n<figure class=\"wp-block-image size-large\"><img loading=\"lazy\" decoding=\"async\" width=\"1024\" height=\"1024\" data-id=\"3395\" src=\"https:\/\/cmas.udd.cl\/wp-content\/uploads\/2024\/07\/WhatsApp-Image-2024-06-14-at-17.02.03-1024x1024.jpeg\" alt=\"\" class=\"wp-image-3395\" srcset=\"https:\/\/cmas.udd.cl\/wp-content\/uploads\/2024\/07\/WhatsApp-Image-2024-06-14-at-17.02.03-1024x1024.jpeg 1024w, https:\/\/cmas.udd.cl\/wp-content\/uploads\/2024\/07\/WhatsApp-Image-2024-06-14-at-17.02.03-300x300.jpeg 300w, https:\/\/cmas.udd.cl\/wp-content\/uploads\/2024\/07\/WhatsApp-Image-2024-06-14-at-17.02.03-150x150.jpeg 150w, https:\/\/cmas.udd.cl\/wp-content\/uploads\/2024\/07\/WhatsApp-Image-2024-06-14-at-17.02.03-768x768.jpeg 768w, https:\/\/cmas.udd.cl\/wp-content\/uploads\/2024\/07\/WhatsApp-Image-2024-06-14-at-17.02.03.jpeg 1200w\" sizes=\"(max-width: 1024px) 100vw, 1024px\" \/><\/figure>\n\n\n\n<figure class=\"wp-block-image size-large\"><img loading=\"lazy\" decoding=\"async\" width=\"1024\" height=\"990\" data-id=\"3396\" src=\"https:\/\/cmas.udd.cl\/wp-content\/uploads\/2024\/07\/FAIR-1024x990.png\" alt=\"\" class=\"wp-image-3396\" srcset=\"https:\/\/cmas.udd.cl\/wp-content\/uploads\/2024\/07\/FAIR-1024x990.png 1024w, https:\/\/cmas.udd.cl\/wp-content\/uploads\/2024\/07\/FAIR-300x290.png 300w, https:\/\/cmas.udd.cl\/wp-content\/uploads\/2024\/07\/FAIR-768x742.png 768w, https:\/\/cmas.udd.cl\/wp-content\/uploads\/2024\/07\/FAIR.png 1161w\" sizes=\"(max-width: 1024px) 100vw, 1024px\" \/><\/figure>\n\n\n\n<figure class=\"wp-block-image size-large\"><img loading=\"lazy\" decoding=\"async\" width=\"1024\" height=\"720\" data-id=\"3397\" src=\"https:\/\/cmas.udd.cl\/wp-content\/uploads\/2024\/07\/ARMADO-PROYECTO-COSTA-RICA-24-1024x720.png\" alt=\"\" class=\"wp-image-3397\" srcset=\"https:\/\/cmas.udd.cl\/wp-content\/uploads\/2024\/07\/ARMADO-PROYECTO-COSTA-RICA-24-1024x720.png 1024w, https:\/\/cmas.udd.cl\/wp-content\/uploads\/2024\/07\/ARMADO-PROYECTO-COSTA-RICA-24-300x211.png 300w, https:\/\/cmas.udd.cl\/wp-content\/uploads\/2024\/07\/ARMADO-PROYECTO-COSTA-RICA-24-768x540.png 768w, https:\/\/cmas.udd.cl\/wp-content\/uploads\/2024\/07\/ARMADO-PROYECTO-COSTA-RICA-24-1536x1081.png 1536w, https:\/\/cmas.udd.cl\/wp-content\/uploads\/2024\/07\/ARMADO-PROYECTO-COSTA-RICA-24.png 2000w\" sizes=\"(max-width: 1024px) 100vw, 1024px\" \/><\/figure>\n<\/figure>","protected":false},"featured_media":3387,"template":"","taxo_noticias":[25],"grupo-de-investigacion":[],"class_list":["post-3386","cplus_noticias","type-cplus_noticias","status-publish","has-post-thumbnail","hentry","taxo_noticias-extremeenvironments"],"acf":[],"yoast_head":"<!-- This site is optimized with the Yoast SEO plugin v27.3 - https:\/\/yoast.com\/product\/yoast-seo-wordpress\/ -->\n<title>Investigadores dan cierre a proyecto UNESCO de monitoreo ambiental en reservas de bi\u00f3sfera de Latinoam\u00e9rica - C+<\/title>\n<meta name=\"robots\" content=\"index, follow, max-snippet:-1, max-image-preview:large, max-video-preview:-1\" \/>\n<link rel=\"canonical\" href=\"https:\/\/cmas.udd.cl\/en\/cplus_noticias\/investigadores-dan-cierre-a-proyecto-unesco-de-monitoreo-ambiental-en-reservas-de-biosfera-de-latinoamerica\/\" \/>\n<meta property=\"og:locale\" content=\"en_US\" \/>\n<meta property=\"og:type\" content=\"article\" \/>\n<meta property=\"og:title\" content=\"Investigadores dan cierre a proyecto UNESCO de monitoreo ambiental en reservas de bi\u00f3sfera de Latinoam\u00e9rica - C+\" \/>\n<meta property=\"og:description\" content=\"Hace algunos d\u00edas se llev\u00f3 a cabo un seminario online con el objetivo de dar a conocer los resultados finales del proyecto \u201cMonitoreo Ambiental comunitario en reservas de bi\u00f3sfera afectadas por la miner\u00eda y las industrias extractivas\u201d, financiado por el Programa de Participaci\u00f3n de la Organizaci\u00f3n de las Naciones Unidas para la Educaci\u00f3n, la Ciencia [&hellip;]\" \/>\n<meta property=\"og:url\" content=\"https:\/\/cmas.udd.cl\/en\/cplus_noticias\/investigadores-dan-cierre-a-proyecto-unesco-de-monitoreo-ambiental-en-reservas-de-biosfera-de-latinoamerica\/\" \/>\n<meta property=\"og:site_name\" content=\"C+\" \/>\n<meta property=\"article:modified_time\" content=\"2024-10-15T14:52:02+00:00\" \/>\n<meta property=\"og:image\" content=\"https:\/\/cmas.udd.cl\/wp-content\/uploads\/2024\/07\/WhatsApp-Image-2024-05-24-at-09.42.29.jpeg\" \/>\n\t<meta property=\"og:image:width\" content=\"1200\" \/>\n\t<meta property=\"og:image:height\" content=\"1200\" \/>\n\t<meta property=\"og:image:type\" content=\"image\/jpeg\" \/>\n<meta name=\"twitter:card\" content=\"summary_large_image\" \/>\n<meta name=\"twitter:label1\" content=\"Est. reading time\" \/>\n\t<meta name=\"twitter:data1\" content=\"5 minutes\" \/>\n<script type=\"application\/ld+json\" class=\"yoast-schema-graph\">{\"@context\":\"https:\\\/\\\/schema.org\",\"@graph\":[{\"@type\":\"WebPage\",\"@id\":\"https:\\\/\\\/cmas.udd.cl\\\/cplus_noticias\\\/investigadores-dan-cierre-a-proyecto-unesco-de-monitoreo-ambiental-en-reservas-de-biosfera-de-latinoamerica\\\/\",\"url\":\"https:\\\/\\\/cmas.udd.cl\\\/cplus_noticias\\\/investigadores-dan-cierre-a-proyecto-unesco-de-monitoreo-ambiental-en-reservas-de-biosfera-de-latinoamerica\\\/\",\"name\":\"Investigadores dan cierre a proyecto UNESCO de monitoreo ambiental en reservas de bi\u00f3sfera de Latinoam\u00e9rica - C+\",\"isPartOf\":{\"@id\":\"https:\\\/\\\/cmas.udd.cl\\\/#website\"},\"primaryImageOfPage\":{\"@id\":\"https:\\\/\\\/cmas.udd.cl\\\/cplus_noticias\\\/investigadores-dan-cierre-a-proyecto-unesco-de-monitoreo-ambiental-en-reservas-de-biosfera-de-latinoamerica\\\/#primaryimage\"},\"image\":{\"@id\":\"https:\\\/\\\/cmas.udd.cl\\\/cplus_noticias\\\/investigadores-dan-cierre-a-proyecto-unesco-de-monitoreo-ambiental-en-reservas-de-biosfera-de-latinoamerica\\\/#primaryimage\"},\"thumbnailUrl\":\"https:\\\/\\\/cmas.udd.cl\\\/wp-content\\\/uploads\\\/2024\\\/07\\\/WhatsApp-Image-2024-05-24-at-09.42.29.jpeg\",\"datePublished\":\"2024-07-01T15:46:00+00:00\",\"dateModified\":\"2024-10-15T14:52:02+00:00\",\"breadcrumb\":{\"@id\":\"https:\\\/\\\/cmas.udd.cl\\\/cplus_noticias\\\/investigadores-dan-cierre-a-proyecto-unesco-de-monitoreo-ambiental-en-reservas-de-biosfera-de-latinoamerica\\\/#breadcrumb\"},\"inLanguage\":\"en-US\",\"potentialAction\":[{\"@type\":\"ReadAction\",\"target\":[\"https:\\\/\\\/cmas.udd.cl\\\/cplus_noticias\\\/investigadores-dan-cierre-a-proyecto-unesco-de-monitoreo-ambiental-en-reservas-de-biosfera-de-latinoamerica\\\/\"]}]},{\"@type\":\"ImageObject\",\"inLanguage\":\"en-US\",\"@id\":\"https:\\\/\\\/cmas.udd.cl\\\/cplus_noticias\\\/investigadores-dan-cierre-a-proyecto-unesco-de-monitoreo-ambiental-en-reservas-de-biosfera-de-latinoamerica\\\/#primaryimage\",\"url\":\"https:\\\/\\\/cmas.udd.cl\\\/wp-content\\\/uploads\\\/2024\\\/07\\\/WhatsApp-Image-2024-05-24-at-09.42.29.jpeg\",\"contentUrl\":\"https:\\\/\\\/cmas.udd.cl\\\/wp-content\\\/uploads\\\/2024\\\/07\\\/WhatsApp-Image-2024-05-24-at-09.42.29.jpeg\",\"width\":1200,\"height\":1200},{\"@type\":\"BreadcrumbList\",\"@id\":\"https:\\\/\\\/cmas.udd.cl\\\/cplus_noticias\\\/investigadores-dan-cierre-a-proyecto-unesco-de-monitoreo-ambiental-en-reservas-de-biosfera-de-latinoamerica\\\/#breadcrumb\",\"itemListElement\":[{\"@type\":\"ListItem\",\"position\":1,\"name\":\"Home\",\"item\":\"https:\\\/\\\/cmas.udd.cl\\\/\"},{\"@type\":\"ListItem\",\"position\":2,\"name\":\"cplus_noticias\",\"item\":\"https:\\\/\\\/cmas.udd.cl\\\/cplus_noticias\\\/\"},{\"@type\":\"ListItem\",\"position\":3,\"name\":\"Investigadores dan cierre a proyecto UNESCO de monitoreo ambiental en reservas de bi\u00f3sfera de Latinoam\u00e9rica\"}]},{\"@type\":\"WebSite\",\"@id\":\"https:\\\/\\\/cmas.udd.cl\\\/#website\",\"url\":\"https:\\\/\\\/cmas.udd.cl\\\/\",\"name\":\"C+\",\"description\":\"Centro Investigaci\u00f3n enTecnolog\u00edas para la Sociedad\",\"publisher\":{\"@id\":\"https:\\\/\\\/cmas.udd.cl\\\/#organization\"},\"potentialAction\":[{\"@type\":\"SearchAction\",\"target\":{\"@type\":\"EntryPoint\",\"urlTemplate\":\"https:\\\/\\\/cmas.udd.cl\\\/?s={search_term_string}\"},\"query-input\":{\"@type\":\"PropertyValueSpecification\",\"valueRequired\":true,\"valueName\":\"search_term_string\"}}],\"inLanguage\":\"en-US\"},{\"@type\":\"Organization\",\"@id\":\"https:\\\/\\\/cmas.udd.cl\\\/#organization\",\"name\":\"C+\",\"url\":\"https:\\\/\\\/cmas.udd.cl\\\/\",\"logo\":{\"@type\":\"ImageObject\",\"inLanguage\":\"en-US\",\"@id\":\"https:\\\/\\\/cmas.udd.cl\\\/#\\\/schema\\\/logo\\\/image\\\/\",\"url\":\"https:\\\/\\\/cmas.udd.cl\\\/wp-content\\\/uploads\\\/2023\\\/05\\\/Logo-compuesto-UDD-Cmas.png\",\"contentUrl\":\"https:\\\/\\\/cmas.udd.cl\\\/wp-content\\\/uploads\\\/2023\\\/05\\\/Logo-compuesto-UDD-Cmas.png\",\"width\":695,\"height\":72,\"caption\":\"C+\"},\"image\":{\"@id\":\"https:\\\/\\\/cmas.udd.cl\\\/#\\\/schema\\\/logo\\\/image\\\/\"}}]}<\/script>\n<!-- \/ Yoast SEO plugin. -->","yoast_head_json":{"title":"Investigadores dan cierre a proyecto UNESCO de monitoreo ambiental en reservas de bi\u00f3sfera de Latinoam\u00e9rica - C+","robots":{"index":"index","follow":"follow","max-snippet":"max-snippet:-1","max-image-preview":"max-image-preview:large","max-video-preview":"max-video-preview:-1"},"canonical":"https:\/\/cmas.udd.cl\/en\/cplus_noticias\/investigadores-dan-cierre-a-proyecto-unesco-de-monitoreo-ambiental-en-reservas-de-biosfera-de-latinoamerica\/","og_locale":"en_US","og_type":"article","og_title":"Investigadores dan cierre a proyecto UNESCO de monitoreo ambiental en reservas de bi\u00f3sfera de Latinoam\u00e9rica - C+","og_description":"Hace algunos d\u00edas se llev\u00f3 a cabo un seminario online con el objetivo de dar a conocer los resultados finales del proyecto \u201cMonitoreo Ambiental comunitario en reservas de bi\u00f3sfera afectadas por la miner\u00eda y las industrias extractivas\u201d, financiado por el Programa de Participaci\u00f3n de la Organizaci\u00f3n de las Naciones Unidas para la Educaci\u00f3n, la Ciencia [&hellip;]","og_url":"https:\/\/cmas.udd.cl\/en\/cplus_noticias\/investigadores-dan-cierre-a-proyecto-unesco-de-monitoreo-ambiental-en-reservas-de-biosfera-de-latinoamerica\/","og_site_name":"C+","article_modified_time":"2024-10-15T14:52:02+00:00","og_image":[{"width":1200,"height":1200,"url":"https:\/\/cmas.udd.cl\/wp-content\/uploads\/2024\/07\/WhatsApp-Image-2024-05-24-at-09.42.29.jpeg","type":"image\/jpeg"}],"twitter_card":"summary_large_image","twitter_misc":{"Est. reading time":"5 minutes"},"schema":{"@context":"https:\/\/schema.org","@graph":[{"@type":"WebPage","@id":"https:\/\/cmas.udd.cl\/cplus_noticias\/investigadores-dan-cierre-a-proyecto-unesco-de-monitoreo-ambiental-en-reservas-de-biosfera-de-latinoamerica\/","url":"https:\/\/cmas.udd.cl\/cplus_noticias\/investigadores-dan-cierre-a-proyecto-unesco-de-monitoreo-ambiental-en-reservas-de-biosfera-de-latinoamerica\/","name":"Investigadores dan cierre a proyecto UNESCO de monitoreo ambiental en reservas de bi\u00f3sfera de Latinoam\u00e9rica - C+","isPartOf":{"@id":"https:\/\/cmas.udd.cl\/#website"},"primaryImageOfPage":{"@id":"https:\/\/cmas.udd.cl\/cplus_noticias\/investigadores-dan-cierre-a-proyecto-unesco-de-monitoreo-ambiental-en-reservas-de-biosfera-de-latinoamerica\/#primaryimage"},"image":{"@id":"https:\/\/cmas.udd.cl\/cplus_noticias\/investigadores-dan-cierre-a-proyecto-unesco-de-monitoreo-ambiental-en-reservas-de-biosfera-de-latinoamerica\/#primaryimage"},"thumbnailUrl":"https:\/\/cmas.udd.cl\/wp-content\/uploads\/2024\/07\/WhatsApp-Image-2024-05-24-at-09.42.29.jpeg","datePublished":"2024-07-01T15:46:00+00:00","dateModified":"2024-10-15T14:52:02+00:00","breadcrumb":{"@id":"https:\/\/cmas.udd.cl\/cplus_noticias\/investigadores-dan-cierre-a-proyecto-unesco-de-monitoreo-ambiental-en-reservas-de-biosfera-de-latinoamerica\/#breadcrumb"},"inLanguage":"en-US","potentialAction":[{"@type":"ReadAction","target":["https:\/\/cmas.udd.cl\/cplus_noticias\/investigadores-dan-cierre-a-proyecto-unesco-de-monitoreo-ambiental-en-reservas-de-biosfera-de-latinoamerica\/"]}]},{"@type":"ImageObject","inLanguage":"en-US","@id":"https:\/\/cmas.udd.cl\/cplus_noticias\/investigadores-dan-cierre-a-proyecto-unesco-de-monitoreo-ambiental-en-reservas-de-biosfera-de-latinoamerica\/#primaryimage","url":"https:\/\/cmas.udd.cl\/wp-content\/uploads\/2024\/07\/WhatsApp-Image-2024-05-24-at-09.42.29.jpeg","contentUrl":"https:\/\/cmas.udd.cl\/wp-content\/uploads\/2024\/07\/WhatsApp-Image-2024-05-24-at-09.42.29.jpeg","width":1200,"height":1200},{"@type":"BreadcrumbList","@id":"https:\/\/cmas.udd.cl\/cplus_noticias\/investigadores-dan-cierre-a-proyecto-unesco-de-monitoreo-ambiental-en-reservas-de-biosfera-de-latinoamerica\/#breadcrumb","itemListElement":[{"@type":"ListItem","position":1,"name":"Home","item":"https:\/\/cmas.udd.cl\/"},{"@type":"ListItem","position":2,"name":"cplus_noticias","item":"https:\/\/cmas.udd.cl\/cplus_noticias\/"},{"@type":"ListItem","position":3,"name":"Investigadores dan cierre a proyecto UNESCO de monitoreo ambiental en reservas de bi\u00f3sfera de Latinoam\u00e9rica"}]},{"@type":"WebSite","@id":"https:\/\/cmas.udd.cl\/#website","url":"https:\/\/cmas.udd.cl\/","name":"C+","description":"Centro Investigaci\u00f3n enTecnolog\u00edas para la Sociedad","publisher":{"@id":"https:\/\/cmas.udd.cl\/#organization"},"potentialAction":[{"@type":"SearchAction","target":{"@type":"EntryPoint","urlTemplate":"https:\/\/cmas.udd.cl\/?s={search_term_string}"},"query-input":{"@type":"PropertyValueSpecification","valueRequired":true,"valueName":"search_term_string"}}],"inLanguage":"en-US"},{"@type":"Organization","@id":"https:\/\/cmas.udd.cl\/#organization","name":"C+","url":"https:\/\/cmas.udd.cl\/","logo":{"@type":"ImageObject","inLanguage":"en-US","@id":"https:\/\/cmas.udd.cl\/#\/schema\/logo\/image\/","url":"https:\/\/cmas.udd.cl\/wp-content\/uploads\/2023\/05\/Logo-compuesto-UDD-Cmas.png","contentUrl":"https:\/\/cmas.udd.cl\/wp-content\/uploads\/2023\/05\/Logo-compuesto-UDD-Cmas.png","width":695,"height":72,"caption":"C+"},"image":{"@id":"https:\/\/cmas.udd.cl\/#\/schema\/logo\/image\/"}}]}},"_links":{"self":[{"href":"https:\/\/cmas.udd.cl\/en\/wp-json\/wp\/v2\/cplus_noticias\/3386","targetHints":{"allow":["GET"]}}],"collection":[{"href":"https:\/\/cmas.udd.cl\/en\/wp-json\/wp\/v2\/cplus_noticias"}],"about":[{"href":"https:\/\/cmas.udd.cl\/en\/wp-json\/wp\/v2\/types\/cplus_noticias"}],"version-history":[{"count":0,"href":"https:\/\/cmas.udd.cl\/en\/wp-json\/wp\/v2\/cplus_noticias\/3386\/revisions"}],"wp:featuredmedia":[{"embeddable":true,"href":"https:\/\/cmas.udd.cl\/en\/wp-json\/wp\/v2\/media\/3387"}],"wp:attachment":[{"href":"https:\/\/cmas.udd.cl\/en\/wp-json\/wp\/v2\/media?parent=3386"}],"wp:term":[{"taxonomy":"taxo_noticias","embeddable":true,"href":"https:\/\/cmas.udd.cl\/en\/wp-json\/wp\/v2\/taxo_noticias?post=3386"},{"taxonomy":"grupo-de-investigacion","embeddable":true,"href":"https:\/\/cmas.udd.cl\/en\/wp-json\/wp\/v2\/grupo-de-investigacion?post=3386"}],"curies":[{"name":"wp","href":"https:\/\/api.w.org\/{rel}","templated":true}]}}