{"id":3378,"date":"2024-06-24T15:58:12","date_gmt":"2024-06-24T15:58:12","guid":{"rendered":"https:\/\/centrodeinvestigacioningenieria.udd.cl\/?post_type=cplus_noticias&#038;p=3378"},"modified":"2024-06-24T16:23:59","modified_gmt":"2024-06-24T16:23:59","slug":"organizacion-de-accesibilidad-al-turismo-realiza-charla-de-motivacion-y-emprendimiento-para-alumnos-en-la-udd","status":"publish","type":"cplus_noticias","link":"https:\/\/cmas.udd.cl\/en\/cplus_noticias\/organizacion-de-accesibilidad-al-turismo-realiza-charla-de-motivacion-y-emprendimiento-para-alumnos-en-la-udd\/","title":{"rendered":"Organizaci\u00f3n de accesibilidad en el turismo realiz\u00f3 charla de motivaci\u00f3n y emprendimiento en la UDD\u00a0"},"content":{"rendered":"<figure class=\"wp-block-embed is-type-video is-provider-youtube wp-block-embed-youtube wp-embed-aspect-16-9 wp-has-aspect-ratio\"><div class=\"wp-block-embed__wrapper\">\n<iframe title=\"Organizaci\u00f3n de accesibilidad en el turismo realiz\u00f3 charla de motivaci\u00f3n y emprendimiento en la UDD\" width=\"800\" height=\"450\" src=\"https:\/\/www.youtube.com\/embed\/nhTsJLVN6Zg?feature=oembed\" frameborder=\"0\" allow=\"accelerometer; autoplay; clipboard-write; encrypted-media; gyroscope; picture-in-picture; web-share\" referrerpolicy=\"strict-origin-when-cross-origin\" allowfullscreen><\/iframe>\n<\/div><\/figure>\n\n\n\n<p>&#8220;Hacia un futuro m\u00e1s accesible junto a Wheel The World\u201d, ese fue el nombre de la charla organizada por Wheel the World, auspiciada por Columbia y con la colaboraci\u00f3n del Centro de Investigaci\u00f3n en Tecnolog\u00edas para la Sociedad (C+) de Ingenier\u00eda UDD, que se realiz\u00f3 hace algunos d\u00edas en la universidad y que buscaba dar a conocer y conversar sobre c\u00f3mo mejorar la accesibilidad en el turismo y organizaciones tanto a nivel mundial como nacional.&nbsp;&nbsp;<\/p>\n\n\n\n<p>Seg\u00fan cifras del Banco Mundial, un 15% de la poblaci\u00f3n sufre alg\u00fan tipo de discapacidad y entre los obst\u00e1culos m\u00e1s importantes para la inclusi\u00f3n social se encuentran los entornos f\u00edsicos y el transporte inaccesible.&nbsp; &nbsp;<\/p>\n\n\n\n<p>A ra\u00edz de esto, Isabel Aguirre, impact manager de Wheel the World, usuaria de silla de ruedas y quien estuvo a cargo de realizar la charla, habl\u00f3 sobre su propia experiencia y tambi\u00e9n sobre temas relacionados a la perseverancia, emprendimiento y oportunidades en torno a la discapacidad.&nbsp;<\/p>\n\n\n\n<p>\u201cEstamos muy contentos con esta colaboraci\u00f3n, ya que entendemos que puede ser una tremenda posibilidad para que el d\u00eda de ma\u00f1ana podamos tener equipamientos que sean accesibles para todos, poder ir mejorando las distintas alternativas y posibilidades en equipamiento\u201d, se\u00f1al\u00f3 Isabel, quien adem\u00e1s comparti\u00f3 parte del trabajo que realiza la fundaci\u00f3n para ofrecer planes tur\u00edsticos para personas con discapacidad.&nbsp;<\/p>\n\n\n\n<p>Por su parte, desde el Grupo de Accesibilidad Extrema del Centro C+ de Ingenier\u00eda UDD se ha estado trabajando en diversos proyectos relacionados con la accesibilidad en diferentes ambientes, como en el turismo y en la vida cotidiana de las personas.&nbsp;&nbsp;<\/p>\n\n\n\n<p>Un ejemplo de esto, son los recientes artefactos dise\u00f1ados para usarse en el deporte extremo: Sidex y Sitrek, como sill\u00edn adaptable de rafting y silla de trekking para turismo, respectivamente. Ambos proyectos, se dise\u00f1aron con el fin de que sean utilizados por personas con movilidad reducida, ya sea en el \u00e1mbito deportivo como en el turismo.&nbsp;&nbsp;<\/p>\n\n\n\n<p>De esta manera, Ximena Ferrada, docente Investigadora del C+ que forma parte del proyecto, indic\u00f3 que \u201cpara nosotros s\u00faper importante que cada d\u00eda aprendamos m\u00e1s sobre estas tem\u00e1ticas y busquemos soluciones para que todas las personas podamos disfrutar de las mismas actividades al aire libre y podamos enfrentarnos a la vida de una mejor manera\u201d.&nbsp;<\/p>\n\n\n\n<figure class=\"wp-block-gallery has-nested-images columns-default is-cropped wp-block-gallery-1 is-layout-flex wp-block-gallery-is-layout-flex\">\n<figure class=\"wp-block-image size-large\"><img fetchpriority=\"high\" decoding=\"async\" width=\"1024\" height=\"681\" data-id=\"3383\" src=\"https:\/\/cmas.udd.cl\/wp-content\/uploads\/2024\/06\/WhatsApp-Image-2024-06-24-at-11.56.34-5-1024x681.jpeg\" alt=\"\" class=\"wp-image-3383\" srcset=\"https:\/\/cmas.udd.cl\/wp-content\/uploads\/2024\/06\/WhatsApp-Image-2024-06-24-at-11.56.34-5-1024x681.jpeg 1024w, https:\/\/cmas.udd.cl\/wp-content\/uploads\/2024\/06\/WhatsApp-Image-2024-06-24-at-11.56.34-5-300x200.jpeg 300w, https:\/\/cmas.udd.cl\/wp-content\/uploads\/2024\/06\/WhatsApp-Image-2024-06-24-at-11.56.34-5-768x511.jpeg 768w, https:\/\/cmas.udd.cl\/wp-content\/uploads\/2024\/06\/WhatsApp-Image-2024-06-24-at-11.56.34-5-1536x1021.jpeg 1536w, https:\/\/cmas.udd.cl\/wp-content\/uploads\/2024\/06\/WhatsApp-Image-2024-06-24-at-11.56.34-5.jpeg 1600w\" sizes=\"(max-width: 1024px) 100vw, 1024px\" \/><\/figure>\n\n\n\n<figure class=\"wp-block-image size-large\"><img decoding=\"async\" width=\"1024\" height=\"681\" data-id=\"3380\" src=\"https:\/\/cmas.udd.cl\/wp-content\/uploads\/2024\/06\/WhatsApp-Image-2024-06-24-at-11.56.34-4-1024x681.jpeg\" alt=\"\" class=\"wp-image-3380\" srcset=\"https:\/\/cmas.udd.cl\/wp-content\/uploads\/2024\/06\/WhatsApp-Image-2024-06-24-at-11.56.34-4-1024x681.jpeg 1024w, https:\/\/cmas.udd.cl\/wp-content\/uploads\/2024\/06\/WhatsApp-Image-2024-06-24-at-11.56.34-4-300x200.jpeg 300w, https:\/\/cmas.udd.cl\/wp-content\/uploads\/2024\/06\/WhatsApp-Image-2024-06-24-at-11.56.34-4-768x511.jpeg 768w, https:\/\/cmas.udd.cl\/wp-content\/uploads\/2024\/06\/WhatsApp-Image-2024-06-24-at-11.56.34-4-1536x1021.jpeg 1536w, https:\/\/cmas.udd.cl\/wp-content\/uploads\/2024\/06\/WhatsApp-Image-2024-06-24-at-11.56.34-4.jpeg 1600w\" sizes=\"(max-width: 1024px) 100vw, 1024px\" \/><\/figure>\n\n\n\n<figure class=\"wp-block-image size-large\"><img decoding=\"async\" width=\"1024\" height=\"681\" data-id=\"3381\" src=\"https:\/\/cmas.udd.cl\/wp-content\/uploads\/2024\/06\/WhatsApp-Image-2024-06-24-at-11.56.34-3-1024x681.jpeg\" alt=\"\" class=\"wp-image-3381\" srcset=\"https:\/\/cmas.udd.cl\/wp-content\/uploads\/2024\/06\/WhatsApp-Image-2024-06-24-at-11.56.34-3-1024x681.jpeg 1024w, https:\/\/cmas.udd.cl\/wp-content\/uploads\/2024\/06\/WhatsApp-Image-2024-06-24-at-11.56.34-3-300x200.jpeg 300w, https:\/\/cmas.udd.cl\/wp-content\/uploads\/2024\/06\/WhatsApp-Image-2024-06-24-at-11.56.34-3-768x511.jpeg 768w, https:\/\/cmas.udd.cl\/wp-content\/uploads\/2024\/06\/WhatsApp-Image-2024-06-24-at-11.56.34-3-1536x1021.jpeg 1536w, https:\/\/cmas.udd.cl\/wp-content\/uploads\/2024\/06\/WhatsApp-Image-2024-06-24-at-11.56.34-3.jpeg 1600w\" sizes=\"(max-width: 1024px) 100vw, 1024px\" \/><\/figure>\n\n\n\n<figure class=\"wp-block-image size-large\"><img loading=\"lazy\" decoding=\"async\" width=\"1024\" height=\"681\" data-id=\"3379\" src=\"https:\/\/cmas.udd.cl\/wp-content\/uploads\/2024\/06\/WhatsApp-Image-2024-06-24-at-11.56.34-2-1024x681.jpeg\" alt=\"\" class=\"wp-image-3379\" srcset=\"https:\/\/cmas.udd.cl\/wp-content\/uploads\/2024\/06\/WhatsApp-Image-2024-06-24-at-11.56.34-2-1024x681.jpeg 1024w, https:\/\/cmas.udd.cl\/wp-content\/uploads\/2024\/06\/WhatsApp-Image-2024-06-24-at-11.56.34-2-300x200.jpeg 300w, https:\/\/cmas.udd.cl\/wp-content\/uploads\/2024\/06\/WhatsApp-Image-2024-06-24-at-11.56.34-2-768x511.jpeg 768w, https:\/\/cmas.udd.cl\/wp-content\/uploads\/2024\/06\/WhatsApp-Image-2024-06-24-at-11.56.34-2-1536x1021.jpeg 1536w, https:\/\/cmas.udd.cl\/wp-content\/uploads\/2024\/06\/WhatsApp-Image-2024-06-24-at-11.56.34-2.jpeg 1600w\" sizes=\"(max-width: 1024px) 100vw, 1024px\" \/><\/figure>\n\n\n\n<figure class=\"wp-block-image size-large\"><img loading=\"lazy\" decoding=\"async\" width=\"1024\" height=\"681\" data-id=\"3382\" src=\"https:\/\/cmas.udd.cl\/wp-content\/uploads\/2024\/06\/WhatsApp-Image-2024-06-24-at-11.56.34-1-1024x681.jpeg\" alt=\"\" class=\"wp-image-3382\" srcset=\"https:\/\/cmas.udd.cl\/wp-content\/uploads\/2024\/06\/WhatsApp-Image-2024-06-24-at-11.56.34-1-1024x681.jpeg 1024w, https:\/\/cmas.udd.cl\/wp-content\/uploads\/2024\/06\/WhatsApp-Image-2024-06-24-at-11.56.34-1-300x200.jpeg 300w, https:\/\/cmas.udd.cl\/wp-content\/uploads\/2024\/06\/WhatsApp-Image-2024-06-24-at-11.56.34-1-768x511.jpeg 768w, https:\/\/cmas.udd.cl\/wp-content\/uploads\/2024\/06\/WhatsApp-Image-2024-06-24-at-11.56.34-1-1536x1021.jpeg 1536w, https:\/\/cmas.udd.cl\/wp-content\/uploads\/2024\/06\/WhatsApp-Image-2024-06-24-at-11.56.34-1.jpeg 1600w\" sizes=\"(max-width: 1024px) 100vw, 1024px\" \/><\/figure>\n\n\n\n<figure class=\"wp-block-image size-large\"><img loading=\"lazy\" decoding=\"async\" width=\"1024\" height=\"681\" data-id=\"3384\" src=\"https:\/\/cmas.udd.cl\/wp-content\/uploads\/2024\/06\/WhatsApp-Image-2024-06-24-at-11.56.34-1024x681.jpeg\" alt=\"\" class=\"wp-image-3384\" srcset=\"https:\/\/cmas.udd.cl\/wp-content\/uploads\/2024\/06\/WhatsApp-Image-2024-06-24-at-11.56.34-1024x681.jpeg 1024w, https:\/\/cmas.udd.cl\/wp-content\/uploads\/2024\/06\/WhatsApp-Image-2024-06-24-at-11.56.34-300x200.jpeg 300w, https:\/\/cmas.udd.cl\/wp-content\/uploads\/2024\/06\/WhatsApp-Image-2024-06-24-at-11.56.34-768x511.jpeg 768w, https:\/\/cmas.udd.cl\/wp-content\/uploads\/2024\/06\/WhatsApp-Image-2024-06-24-at-11.56.34-1536x1021.jpeg 1536w, https:\/\/cmas.udd.cl\/wp-content\/uploads\/2024\/06\/WhatsApp-Image-2024-06-24-at-11.56.34.jpeg 1600w\" sizes=\"(max-width: 1024px) 100vw, 1024px\" \/><\/figure>\n<\/figure>","protected":false},"featured_media":3383,"template":"","taxo_noticias":[30],"grupo-de-investigacion":[],"class_list":["post-3378","cplus_noticias","type-cplus_noticias","status-publish","has-post-thumbnail","hentry","taxo_noticias-extremeaccess"],"acf":[],"yoast_head":"<!-- This site is optimized with the Yoast SEO plugin v27.3 - https:\/\/yoast.com\/product\/yoast-seo-wordpress\/ -->\n<title>Organizaci\u00f3n de accesibilidad en el turismo realiz\u00f3 charla de motivaci\u00f3n y emprendimiento en la UDD\u00a0 - C+<\/title>\n<meta name=\"robots\" content=\"index, follow, max-snippet:-1, max-image-preview:large, max-video-preview:-1\" \/>\n<link rel=\"canonical\" href=\"https:\/\/cmas.udd.cl\/en\/cplus_noticias\/organizacion-de-accesibilidad-al-turismo-realiza-charla-de-motivacion-y-emprendimiento-para-alumnos-en-la-udd\/\" \/>\n<meta property=\"og:locale\" content=\"en_US\" \/>\n<meta property=\"og:type\" content=\"article\" \/>\n<meta property=\"og:title\" content=\"Organizaci\u00f3n de accesibilidad en el turismo realiz\u00f3 charla de motivaci\u00f3n y emprendimiento en la UDD\u00a0 - C+\" \/>\n<meta property=\"og:description\" content=\"&#8220;Hacia un futuro m\u00e1s accesible junto a Wheel The World\u201d, ese fue el nombre de la charla organizada por Wheel the World, auspiciada por Columbia y con la colaboraci\u00f3n del Centro de Investigaci\u00f3n en Tecnolog\u00edas para la Sociedad (C+) de Ingenier\u00eda UDD, que se realiz\u00f3 hace algunos d\u00edas en la universidad y que buscaba dar [&hellip;]\" \/>\n<meta property=\"og:url\" content=\"https:\/\/cmas.udd.cl\/en\/cplus_noticias\/organizacion-de-accesibilidad-al-turismo-realiza-charla-de-motivacion-y-emprendimiento-para-alumnos-en-la-udd\/\" \/>\n<meta property=\"og:site_name\" content=\"C+\" \/>\n<meta property=\"article:modified_time\" content=\"2024-06-24T16:23:59+00:00\" \/>\n<meta property=\"og:image\" content=\"https:\/\/cmas.udd.cl\/wp-content\/uploads\/2024\/06\/WhatsApp-Image-2024-06-24-at-11.56.34-5.jpeg\" \/>\n\t<meta property=\"og:image:width\" content=\"1600\" \/>\n\t<meta property=\"og:image:height\" content=\"1064\" \/>\n\t<meta property=\"og:image:type\" content=\"image\/jpeg\" \/>\n<meta name=\"twitter:card\" content=\"summary_large_image\" \/>\n<meta name=\"twitter:label1\" content=\"Est. reading time\" \/>\n\t<meta name=\"twitter:data1\" content=\"4 minutes\" \/>\n<script type=\"application\/ld+json\" class=\"yoast-schema-graph\">{\"@context\":\"https:\\\/\\\/schema.org\",\"@graph\":[{\"@type\":\"WebPage\",\"@id\":\"https:\\\/\\\/cmas.udd.cl\\\/cplus_noticias\\\/organizacion-de-accesibilidad-al-turismo-realiza-charla-de-motivacion-y-emprendimiento-para-alumnos-en-la-udd\\\/\",\"url\":\"https:\\\/\\\/cmas.udd.cl\\\/cplus_noticias\\\/organizacion-de-accesibilidad-al-turismo-realiza-charla-de-motivacion-y-emprendimiento-para-alumnos-en-la-udd\\\/\",\"name\":\"Organizaci\u00f3n de accesibilidad en el turismo realiz\u00f3 charla de motivaci\u00f3n y emprendimiento en la UDD\u00a0 - C+\",\"isPartOf\":{\"@id\":\"https:\\\/\\\/cmas.udd.cl\\\/#website\"},\"primaryImageOfPage\":{\"@id\":\"https:\\\/\\\/cmas.udd.cl\\\/cplus_noticias\\\/organizacion-de-accesibilidad-al-turismo-realiza-charla-de-motivacion-y-emprendimiento-para-alumnos-en-la-udd\\\/#primaryimage\"},\"image\":{\"@id\":\"https:\\\/\\\/cmas.udd.cl\\\/cplus_noticias\\\/organizacion-de-accesibilidad-al-turismo-realiza-charla-de-motivacion-y-emprendimiento-para-alumnos-en-la-udd\\\/#primaryimage\"},\"thumbnailUrl\":\"https:\\\/\\\/cmas.udd.cl\\\/wp-content\\\/uploads\\\/2024\\\/06\\\/WhatsApp-Image-2024-06-24-at-11.56.34-5.jpeg\",\"datePublished\":\"2024-06-24T15:58:12+00:00\",\"dateModified\":\"2024-06-24T16:23:59+00:00\",\"breadcrumb\":{\"@id\":\"https:\\\/\\\/cmas.udd.cl\\\/cplus_noticias\\\/organizacion-de-accesibilidad-al-turismo-realiza-charla-de-motivacion-y-emprendimiento-para-alumnos-en-la-udd\\\/#breadcrumb\"},\"inLanguage\":\"en-US\",\"potentialAction\":[{\"@type\":\"ReadAction\",\"target\":[\"https:\\\/\\\/cmas.udd.cl\\\/cplus_noticias\\\/organizacion-de-accesibilidad-al-turismo-realiza-charla-de-motivacion-y-emprendimiento-para-alumnos-en-la-udd\\\/\"]}]},{\"@type\":\"ImageObject\",\"inLanguage\":\"en-US\",\"@id\":\"https:\\\/\\\/cmas.udd.cl\\\/cplus_noticias\\\/organizacion-de-accesibilidad-al-turismo-realiza-charla-de-motivacion-y-emprendimiento-para-alumnos-en-la-udd\\\/#primaryimage\",\"url\":\"https:\\\/\\\/cmas.udd.cl\\\/wp-content\\\/uploads\\\/2024\\\/06\\\/WhatsApp-Image-2024-06-24-at-11.56.34-5.jpeg\",\"contentUrl\":\"https:\\\/\\\/cmas.udd.cl\\\/wp-content\\\/uploads\\\/2024\\\/06\\\/WhatsApp-Image-2024-06-24-at-11.56.34-5.jpeg\",\"width\":1600,\"height\":1064},{\"@type\":\"BreadcrumbList\",\"@id\":\"https:\\\/\\\/cmas.udd.cl\\\/cplus_noticias\\\/organizacion-de-accesibilidad-al-turismo-realiza-charla-de-motivacion-y-emprendimiento-para-alumnos-en-la-udd\\\/#breadcrumb\",\"itemListElement\":[{\"@type\":\"ListItem\",\"position\":1,\"name\":\"Home\",\"item\":\"https:\\\/\\\/cmas.udd.cl\\\/\"},{\"@type\":\"ListItem\",\"position\":2,\"name\":\"cplus_noticias\",\"item\":\"https:\\\/\\\/cmas.udd.cl\\\/cplus_noticias\\\/\"},{\"@type\":\"ListItem\",\"position\":3,\"name\":\"Organizaci\u00f3n de accesibilidad en el turismo realiz\u00f3 charla de motivaci\u00f3n y emprendimiento en la UDD\u00a0\"}]},{\"@type\":\"WebSite\",\"@id\":\"https:\\\/\\\/cmas.udd.cl\\\/#website\",\"url\":\"https:\\\/\\\/cmas.udd.cl\\\/\",\"name\":\"C+\",\"description\":\"Centro Investigaci\u00f3n enTecnolog\u00edas para la Sociedad\",\"publisher\":{\"@id\":\"https:\\\/\\\/cmas.udd.cl\\\/#organization\"},\"potentialAction\":[{\"@type\":\"SearchAction\",\"target\":{\"@type\":\"EntryPoint\",\"urlTemplate\":\"https:\\\/\\\/cmas.udd.cl\\\/?s={search_term_string}\"},\"query-input\":{\"@type\":\"PropertyValueSpecification\",\"valueRequired\":true,\"valueName\":\"search_term_string\"}}],\"inLanguage\":\"en-US\"},{\"@type\":\"Organization\",\"@id\":\"https:\\\/\\\/cmas.udd.cl\\\/#organization\",\"name\":\"C+\",\"url\":\"https:\\\/\\\/cmas.udd.cl\\\/\",\"logo\":{\"@type\":\"ImageObject\",\"inLanguage\":\"en-US\",\"@id\":\"https:\\\/\\\/cmas.udd.cl\\\/#\\\/schema\\\/logo\\\/image\\\/\",\"url\":\"https:\\\/\\\/cmas.udd.cl\\\/wp-content\\\/uploads\\\/2023\\\/05\\\/Logo-compuesto-UDD-Cmas.png\",\"contentUrl\":\"https:\\\/\\\/cmas.udd.cl\\\/wp-content\\\/uploads\\\/2023\\\/05\\\/Logo-compuesto-UDD-Cmas.png\",\"width\":695,\"height\":72,\"caption\":\"C+\"},\"image\":{\"@id\":\"https:\\\/\\\/cmas.udd.cl\\\/#\\\/schema\\\/logo\\\/image\\\/\"}}]}<\/script>\n<!-- \/ Yoast SEO plugin. -->","yoast_head_json":{"title":"Organizaci\u00f3n de accesibilidad en el turismo realiz\u00f3 charla de motivaci\u00f3n y emprendimiento en la UDD\u00a0 - C+","robots":{"index":"index","follow":"follow","max-snippet":"max-snippet:-1","max-image-preview":"max-image-preview:large","max-video-preview":"max-video-preview:-1"},"canonical":"https:\/\/cmas.udd.cl\/en\/cplus_noticias\/organizacion-de-accesibilidad-al-turismo-realiza-charla-de-motivacion-y-emprendimiento-para-alumnos-en-la-udd\/","og_locale":"en_US","og_type":"article","og_title":"Organizaci\u00f3n de accesibilidad en el turismo realiz\u00f3 charla de motivaci\u00f3n y emprendimiento en la UDD\u00a0 - C+","og_description":"&#8220;Hacia un futuro m\u00e1s accesible junto a Wheel The World\u201d, ese fue el nombre de la charla organizada por Wheel the World, auspiciada por Columbia y con la colaboraci\u00f3n del Centro de Investigaci\u00f3n en Tecnolog\u00edas para la Sociedad (C+) de Ingenier\u00eda UDD, que se realiz\u00f3 hace algunos d\u00edas en la universidad y que buscaba dar [&hellip;]","og_url":"https:\/\/cmas.udd.cl\/en\/cplus_noticias\/organizacion-de-accesibilidad-al-turismo-realiza-charla-de-motivacion-y-emprendimiento-para-alumnos-en-la-udd\/","og_site_name":"C+","article_modified_time":"2024-06-24T16:23:59+00:00","og_image":[{"width":1600,"height":1064,"url":"https:\/\/cmas.udd.cl\/wp-content\/uploads\/2024\/06\/WhatsApp-Image-2024-06-24-at-11.56.34-5.jpeg","type":"image\/jpeg"}],"twitter_card":"summary_large_image","twitter_misc":{"Est. reading time":"4 minutes"},"schema":{"@context":"https:\/\/schema.org","@graph":[{"@type":"WebPage","@id":"https:\/\/cmas.udd.cl\/cplus_noticias\/organizacion-de-accesibilidad-al-turismo-realiza-charla-de-motivacion-y-emprendimiento-para-alumnos-en-la-udd\/","url":"https:\/\/cmas.udd.cl\/cplus_noticias\/organizacion-de-accesibilidad-al-turismo-realiza-charla-de-motivacion-y-emprendimiento-para-alumnos-en-la-udd\/","name":"Organizaci\u00f3n de accesibilidad en el turismo realiz\u00f3 charla de motivaci\u00f3n y emprendimiento en la UDD\u00a0 - C+","isPartOf":{"@id":"https:\/\/cmas.udd.cl\/#website"},"primaryImageOfPage":{"@id":"https:\/\/cmas.udd.cl\/cplus_noticias\/organizacion-de-accesibilidad-al-turismo-realiza-charla-de-motivacion-y-emprendimiento-para-alumnos-en-la-udd\/#primaryimage"},"image":{"@id":"https:\/\/cmas.udd.cl\/cplus_noticias\/organizacion-de-accesibilidad-al-turismo-realiza-charla-de-motivacion-y-emprendimiento-para-alumnos-en-la-udd\/#primaryimage"},"thumbnailUrl":"https:\/\/cmas.udd.cl\/wp-content\/uploads\/2024\/06\/WhatsApp-Image-2024-06-24-at-11.56.34-5.jpeg","datePublished":"2024-06-24T15:58:12+00:00","dateModified":"2024-06-24T16:23:59+00:00","breadcrumb":{"@id":"https:\/\/cmas.udd.cl\/cplus_noticias\/organizacion-de-accesibilidad-al-turismo-realiza-charla-de-motivacion-y-emprendimiento-para-alumnos-en-la-udd\/#breadcrumb"},"inLanguage":"en-US","potentialAction":[{"@type":"ReadAction","target":["https:\/\/cmas.udd.cl\/cplus_noticias\/organizacion-de-accesibilidad-al-turismo-realiza-charla-de-motivacion-y-emprendimiento-para-alumnos-en-la-udd\/"]}]},{"@type":"ImageObject","inLanguage":"en-US","@id":"https:\/\/cmas.udd.cl\/cplus_noticias\/organizacion-de-accesibilidad-al-turismo-realiza-charla-de-motivacion-y-emprendimiento-para-alumnos-en-la-udd\/#primaryimage","url":"https:\/\/cmas.udd.cl\/wp-content\/uploads\/2024\/06\/WhatsApp-Image-2024-06-24-at-11.56.34-5.jpeg","contentUrl":"https:\/\/cmas.udd.cl\/wp-content\/uploads\/2024\/06\/WhatsApp-Image-2024-06-24-at-11.56.34-5.jpeg","width":1600,"height":1064},{"@type":"BreadcrumbList","@id":"https:\/\/cmas.udd.cl\/cplus_noticias\/organizacion-de-accesibilidad-al-turismo-realiza-charla-de-motivacion-y-emprendimiento-para-alumnos-en-la-udd\/#breadcrumb","itemListElement":[{"@type":"ListItem","position":1,"name":"Home","item":"https:\/\/cmas.udd.cl\/"},{"@type":"ListItem","position":2,"name":"cplus_noticias","item":"https:\/\/cmas.udd.cl\/cplus_noticias\/"},{"@type":"ListItem","position":3,"name":"Organizaci\u00f3n de accesibilidad en el turismo realiz\u00f3 charla de motivaci\u00f3n y emprendimiento en la UDD\u00a0"}]},{"@type":"WebSite","@id":"https:\/\/cmas.udd.cl\/#website","url":"https:\/\/cmas.udd.cl\/","name":"C+","description":"Centro Investigaci\u00f3n enTecnolog\u00edas para la Sociedad","publisher":{"@id":"https:\/\/cmas.udd.cl\/#organization"},"potentialAction":[{"@type":"SearchAction","target":{"@type":"EntryPoint","urlTemplate":"https:\/\/cmas.udd.cl\/?s={search_term_string}"},"query-input":{"@type":"PropertyValueSpecification","valueRequired":true,"valueName":"search_term_string"}}],"inLanguage":"en-US"},{"@type":"Organization","@id":"https:\/\/cmas.udd.cl\/#organization","name":"C+","url":"https:\/\/cmas.udd.cl\/","logo":{"@type":"ImageObject","inLanguage":"en-US","@id":"https:\/\/cmas.udd.cl\/#\/schema\/logo\/image\/","url":"https:\/\/cmas.udd.cl\/wp-content\/uploads\/2023\/05\/Logo-compuesto-UDD-Cmas.png","contentUrl":"https:\/\/cmas.udd.cl\/wp-content\/uploads\/2023\/05\/Logo-compuesto-UDD-Cmas.png","width":695,"height":72,"caption":"C+"},"image":{"@id":"https:\/\/cmas.udd.cl\/#\/schema\/logo\/image\/"}}]}},"_links":{"self":[{"href":"https:\/\/cmas.udd.cl\/en\/wp-json\/wp\/v2\/cplus_noticias\/3378","targetHints":{"allow":["GET"]}}],"collection":[{"href":"https:\/\/cmas.udd.cl\/en\/wp-json\/wp\/v2\/cplus_noticias"}],"about":[{"href":"https:\/\/cmas.udd.cl\/en\/wp-json\/wp\/v2\/types\/cplus_noticias"}],"version-history":[{"count":0,"href":"https:\/\/cmas.udd.cl\/en\/wp-json\/wp\/v2\/cplus_noticias\/3378\/revisions"}],"wp:featuredmedia":[{"embeddable":true,"href":"https:\/\/cmas.udd.cl\/en\/wp-json\/wp\/v2\/media\/3383"}],"wp:attachment":[{"href":"https:\/\/cmas.udd.cl\/en\/wp-json\/wp\/v2\/media?parent=3378"}],"wp:term":[{"taxonomy":"taxo_noticias","embeddable":true,"href":"https:\/\/cmas.udd.cl\/en\/wp-json\/wp\/v2\/taxo_noticias?post=3378"},{"taxonomy":"grupo-de-investigacion","embeddable":true,"href":"https:\/\/cmas.udd.cl\/en\/wp-json\/wp\/v2\/grupo-de-investigacion?post=3378"}],"curies":[{"name":"wp","href":"https:\/\/api.w.org\/{rel}","templated":true}]}}