{"id":2545,"date":"2023-03-30T16:18:50","date_gmt":"2023-03-30T16:18:50","guid":{"rendered":"https:\/\/centrodeinvestigacioningenieria.udd.cl\/?post_type=cplus_noticias&#038;p=2545"},"modified":"2023-03-30T17:50:27","modified_gmt":"2023-03-30T17:50:27","slug":"alumni-de-ingenieria-e-investigador-del-c-realizo-voluntariado-enfocado-en-tecnologia-en-africa","status":"publish","type":"cplus_noticias","link":"https:\/\/cmas.udd.cl\/en\/cplus_noticias\/alumni-de-ingenieria-e-investigador-del-c-realizo-voluntariado-enfocado-en-tecnologia-en-africa\/","title":{"rendered":"Alumni de Ingenier\u00eda e investigador del C+ realiz\u00f3 voluntariado enfocado en tecnolog\u00eda en \u00c1frica"},"content":{"rendered":"<p>Durante enero y febrero, el investigador del Centro de Investigaci\u00f3n en Tecnolog\u00edas para la Sociedad (C+) y Alumni de nuestra Facultad en Concepci\u00f3n, Sebasti\u00e1n Adonay, realiz\u00f3 un voluntariado con enfoque tecnol\u00f3gico en la aldea rural de Muketuri, en Etiop\u00eda, \u00c1frica. La ayuda social, se enmarca dentro de la Fundaci\u00f3n FAE (Amigos de Etiop\u00eda), quienes buscan a profesionales con el fin de ayudar y acompa\u00f1ar a misioneras cat\u00f3licas que se encuentran en dicho sector entregando apoyo en diferentes actividades sociales.&nbsp;<\/p>\n\n\n\n<p>La aldea de Muketuri cuenta actualmente con alrededor de 100 pozos que benefician y entregan agua potable a las diferentes comunidades y familias del lugar, las que fueron creadas por miembros de la fundaci\u00f3n. Sin embargo, y debido a los diferentes problemas sociales y de pobreza que afectan a ese pa\u00eds, algunos de ellos han sido demolidos o se encuentran sin uso, causando problemas entre las diferentes familias que habitan el lugar.&nbsp;<\/p>\n\n\n\n<p>Debido a esto, algunas instituciones internacionales han desarrollado ideas para la construcci\u00f3n de diferentes pozos con m\u00e1s profundidad que beneficien a la aldea. El problema, sin embargo, es que no contaban con suficiente informaci\u00f3n del estado de cada uno de ellos ni de la cantidad exacta.&nbsp;<\/p>\n\n\n\n<p>Es a ra\u00edz de este problema que Sebasti\u00e1n Adonay, junto con otros voluntarios, estuvieron a cargo de crear una App que entregara la informaci\u00f3n necesaria y datos actuales de cada uno de los pozos de agua a las personas encargadas de su construcci\u00f3n. La App, llamada \u201cWell Check\u201d, se convirti\u00f3 en una plataforma que contiene toda la informaci\u00f3n sobre el flujo de los pozos, los lugares donde han sido constru\u00eddos y su estado actual, de manera que los encargados pudieran acceder de forma remota y en vivo.&nbsp;<\/p>\n\n\n\n<p>La metodolog\u00eda de esta plataforma virtual consiste en una aplicaci\u00f3n descargable por Play Store, que genera un Excel en un Drive, con toda la informaci\u00f3n que se ha ido recaudando hasta el momento, beneficiando as\u00ed, el estudio de los pozos en la aldea.&nbsp;<\/p>\n\n\n\n<p>Respecto a c\u00f3mo beneficiar\u00e1 esta tecnolog\u00eda a Muketuri, Adonay se\u00f1al\u00f3 que \u201cel problema en estos lugares, adem\u00e1s de pobreza, higiene y alimentaci\u00f3n, es tambi\u00e9n social. Entonces esta App los va a ayudar a ver el comportamiento de cada comunidad que vive en la aldea, ver si es seguro construir un pozo ah\u00ed o no, d\u00f3nde cavar, etc\u201d. Adem\u00e1s, el Alumni de Ingenier\u00eda y colaborador del C+ agreg\u00f3 que \u201cnosotros apoyamos entregando esta tecnolog\u00eda, que es una herramienta diferente, pero una gran oportunidad para ellos de poder crecer. Sin embargo, para que esto se prolongue en el tiempo, la relaci\u00f3n con las comunidades tiene que ser constante y duradera, ya que uno puede crear muchas soluciones pero sin una relaci\u00f3n estrecha las cosas no funcionan\u201d.&nbsp;<\/p>\n\n\n\n<p>Cabe destacar que la Aplicaci\u00f3n qued\u00f3 funcionando en Muketuri con el fin de ayudar en la recopilaci\u00f3n de informaci\u00f3n y datos sobre el uso y estado de cada pozo de agua, para as\u00ed ver la opci\u00f3n de construir m\u00e1s y ayudar las comunidades que viven en el lugar.&nbsp;<\/p>","protected":false},"featured_media":2548,"template":"","taxo_noticias":[],"grupo-de-investigacion":[],"class_list":["post-2545","cplus_noticias","type-cplus_noticias","status-publish","has-post-thumbnail","hentry"],"acf":[],"yoast_head":"<!-- This site is optimized with the Yoast SEO plugin v27.3 - https:\/\/yoast.com\/product\/yoast-seo-wordpress\/ -->\n<title>Alumni de Ingenier\u00eda e investigador del C+ realiz\u00f3 voluntariado enfocado en tecnolog\u00eda en \u00c1frica - C+<\/title>\n<meta name=\"robots\" content=\"index, follow, max-snippet:-1, max-image-preview:large, max-video-preview:-1\" \/>\n<link rel=\"canonical\" href=\"https:\/\/cmas.udd.cl\/en\/cplus_noticias\/alumni-de-ingenieria-e-investigador-del-c-realizo-voluntariado-enfocado-en-tecnologia-en-africa\/\" \/>\n<meta property=\"og:locale\" content=\"en_US\" \/>\n<meta property=\"og:type\" content=\"article\" \/>\n<meta property=\"og:title\" content=\"Alumni de Ingenier\u00eda e investigador del C+ realiz\u00f3 voluntariado enfocado en tecnolog\u00eda en \u00c1frica - C+\" \/>\n<meta property=\"og:description\" content=\"Durante enero y febrero, el investigador del Centro de Investigaci\u00f3n en Tecnolog\u00edas para la Sociedad (C+) y Alumni de nuestra Facultad en Concepci\u00f3n, Sebasti\u00e1n Adonay, realiz\u00f3 un voluntariado con enfoque tecnol\u00f3gico en la aldea rural de Muketuri, en Etiop\u00eda, \u00c1frica. La ayuda social, se enmarca dentro de la Fundaci\u00f3n FAE (Amigos de Etiop\u00eda), quienes buscan [&hellip;]\" \/>\n<meta property=\"og:url\" content=\"https:\/\/cmas.udd.cl\/en\/cplus_noticias\/alumni-de-ingenieria-e-investigador-del-c-realizo-voluntariado-enfocado-en-tecnologia-en-africa\/\" \/>\n<meta property=\"og:site_name\" content=\"C+\" \/>\n<meta property=\"article:modified_time\" content=\"2023-03-30T17:50:27+00:00\" \/>\n<meta property=\"og:image\" content=\"https:\/\/cmas.udd.cl\/wp-content\/uploads\/2023\/03\/WhatsApp-Image-2023-03-30-at-10.13.32.jpeg\" \/>\n\t<meta property=\"og:image:width\" content=\"1280\" \/>\n\t<meta property=\"og:image:height\" content=\"960\" \/>\n\t<meta property=\"og:image:type\" content=\"image\/jpeg\" \/>\n<meta name=\"twitter:card\" content=\"summary_large_image\" \/>\n<meta name=\"twitter:label1\" content=\"Est. reading time\" \/>\n\t<meta name=\"twitter:data1\" content=\"3 minutes\" \/>\n<script type=\"application\/ld+json\" class=\"yoast-schema-graph\">{\"@context\":\"https:\\\/\\\/schema.org\",\"@graph\":[{\"@type\":\"WebPage\",\"@id\":\"https:\\\/\\\/cmas.udd.cl\\\/cplus_noticias\\\/alumni-de-ingenieria-e-investigador-del-c-realizo-voluntariado-enfocado-en-tecnologia-en-africa\\\/\",\"url\":\"https:\\\/\\\/cmas.udd.cl\\\/cplus_noticias\\\/alumni-de-ingenieria-e-investigador-del-c-realizo-voluntariado-enfocado-en-tecnologia-en-africa\\\/\",\"name\":\"Alumni de Ingenier\u00eda e investigador del C+ realiz\u00f3 voluntariado enfocado en tecnolog\u00eda en \u00c1frica - C+\",\"isPartOf\":{\"@id\":\"https:\\\/\\\/cmas.udd.cl\\\/#website\"},\"primaryImageOfPage\":{\"@id\":\"https:\\\/\\\/cmas.udd.cl\\\/cplus_noticias\\\/alumni-de-ingenieria-e-investigador-del-c-realizo-voluntariado-enfocado-en-tecnologia-en-africa\\\/#primaryimage\"},\"image\":{\"@id\":\"https:\\\/\\\/cmas.udd.cl\\\/cplus_noticias\\\/alumni-de-ingenieria-e-investigador-del-c-realizo-voluntariado-enfocado-en-tecnologia-en-africa\\\/#primaryimage\"},\"thumbnailUrl\":\"https:\\\/\\\/cmas.udd.cl\\\/wp-content\\\/uploads\\\/2023\\\/03\\\/WhatsApp-Image-2023-03-30-at-10.13.32.jpeg\",\"datePublished\":\"2023-03-30T16:18:50+00:00\",\"dateModified\":\"2023-03-30T17:50:27+00:00\",\"breadcrumb\":{\"@id\":\"https:\\\/\\\/cmas.udd.cl\\\/cplus_noticias\\\/alumni-de-ingenieria-e-investigador-del-c-realizo-voluntariado-enfocado-en-tecnologia-en-africa\\\/#breadcrumb\"},\"inLanguage\":\"en-US\",\"potentialAction\":[{\"@type\":\"ReadAction\",\"target\":[\"https:\\\/\\\/cmas.udd.cl\\\/cplus_noticias\\\/alumni-de-ingenieria-e-investigador-del-c-realizo-voluntariado-enfocado-en-tecnologia-en-africa\\\/\"]}]},{\"@type\":\"ImageObject\",\"inLanguage\":\"en-US\",\"@id\":\"https:\\\/\\\/cmas.udd.cl\\\/cplus_noticias\\\/alumni-de-ingenieria-e-investigador-del-c-realizo-voluntariado-enfocado-en-tecnologia-en-africa\\\/#primaryimage\",\"url\":\"https:\\\/\\\/cmas.udd.cl\\\/wp-content\\\/uploads\\\/2023\\\/03\\\/WhatsApp-Image-2023-03-30-at-10.13.32.jpeg\",\"contentUrl\":\"https:\\\/\\\/cmas.udd.cl\\\/wp-content\\\/uploads\\\/2023\\\/03\\\/WhatsApp-Image-2023-03-30-at-10.13.32.jpeg\",\"width\":1280,\"height\":960},{\"@type\":\"BreadcrumbList\",\"@id\":\"https:\\\/\\\/cmas.udd.cl\\\/cplus_noticias\\\/alumni-de-ingenieria-e-investigador-del-c-realizo-voluntariado-enfocado-en-tecnologia-en-africa\\\/#breadcrumb\",\"itemListElement\":[{\"@type\":\"ListItem\",\"position\":1,\"name\":\"Home\",\"item\":\"https:\\\/\\\/cmas.udd.cl\\\/\"},{\"@type\":\"ListItem\",\"position\":2,\"name\":\"cplus_noticias\",\"item\":\"https:\\\/\\\/cmas.udd.cl\\\/cplus_noticias\\\/\"},{\"@type\":\"ListItem\",\"position\":3,\"name\":\"Alumni de Ingenier\u00eda e investigador del C+ realiz\u00f3 voluntariado enfocado en tecnolog\u00eda en \u00c1frica\"}]},{\"@type\":\"WebSite\",\"@id\":\"https:\\\/\\\/cmas.udd.cl\\\/#website\",\"url\":\"https:\\\/\\\/cmas.udd.cl\\\/\",\"name\":\"C+\",\"description\":\"Centro Investigaci\u00f3n enTecnolog\u00edas para la Sociedad\",\"publisher\":{\"@id\":\"https:\\\/\\\/cmas.udd.cl\\\/#organization\"},\"potentialAction\":[{\"@type\":\"SearchAction\",\"target\":{\"@type\":\"EntryPoint\",\"urlTemplate\":\"https:\\\/\\\/cmas.udd.cl\\\/?s={search_term_string}\"},\"query-input\":{\"@type\":\"PropertyValueSpecification\",\"valueRequired\":true,\"valueName\":\"search_term_string\"}}],\"inLanguage\":\"en-US\"},{\"@type\":\"Organization\",\"@id\":\"https:\\\/\\\/cmas.udd.cl\\\/#organization\",\"name\":\"C+\",\"url\":\"https:\\\/\\\/cmas.udd.cl\\\/\",\"logo\":{\"@type\":\"ImageObject\",\"inLanguage\":\"en-US\",\"@id\":\"https:\\\/\\\/cmas.udd.cl\\\/#\\\/schema\\\/logo\\\/image\\\/\",\"url\":\"https:\\\/\\\/cmas.udd.cl\\\/wp-content\\\/uploads\\\/2023\\\/05\\\/Logo-compuesto-UDD-Cmas.png\",\"contentUrl\":\"https:\\\/\\\/cmas.udd.cl\\\/wp-content\\\/uploads\\\/2023\\\/05\\\/Logo-compuesto-UDD-Cmas.png\",\"width\":695,\"height\":72,\"caption\":\"C+\"},\"image\":{\"@id\":\"https:\\\/\\\/cmas.udd.cl\\\/#\\\/schema\\\/logo\\\/image\\\/\"}}]}<\/script>\n<!-- \/ Yoast SEO plugin. -->","yoast_head_json":{"title":"Alumni de Ingenier\u00eda e investigador del C+ realiz\u00f3 voluntariado enfocado en tecnolog\u00eda en \u00c1frica - C+","robots":{"index":"index","follow":"follow","max-snippet":"max-snippet:-1","max-image-preview":"max-image-preview:large","max-video-preview":"max-video-preview:-1"},"canonical":"https:\/\/cmas.udd.cl\/en\/cplus_noticias\/alumni-de-ingenieria-e-investigador-del-c-realizo-voluntariado-enfocado-en-tecnologia-en-africa\/","og_locale":"en_US","og_type":"article","og_title":"Alumni de Ingenier\u00eda e investigador del C+ realiz\u00f3 voluntariado enfocado en tecnolog\u00eda en \u00c1frica - C+","og_description":"Durante enero y febrero, el investigador del Centro de Investigaci\u00f3n en Tecnolog\u00edas para la Sociedad (C+) y Alumni de nuestra Facultad en Concepci\u00f3n, Sebasti\u00e1n Adonay, realiz\u00f3 un voluntariado con enfoque tecnol\u00f3gico en la aldea rural de Muketuri, en Etiop\u00eda, \u00c1frica. La ayuda social, se enmarca dentro de la Fundaci\u00f3n FAE (Amigos de Etiop\u00eda), quienes buscan [&hellip;]","og_url":"https:\/\/cmas.udd.cl\/en\/cplus_noticias\/alumni-de-ingenieria-e-investigador-del-c-realizo-voluntariado-enfocado-en-tecnologia-en-africa\/","og_site_name":"C+","article_modified_time":"2023-03-30T17:50:27+00:00","og_image":[{"width":1280,"height":960,"url":"https:\/\/cmas.udd.cl\/wp-content\/uploads\/2023\/03\/WhatsApp-Image-2023-03-30-at-10.13.32.jpeg","type":"image\/jpeg"}],"twitter_card":"summary_large_image","twitter_misc":{"Est. reading time":"3 minutes"},"schema":{"@context":"https:\/\/schema.org","@graph":[{"@type":"WebPage","@id":"https:\/\/cmas.udd.cl\/cplus_noticias\/alumni-de-ingenieria-e-investigador-del-c-realizo-voluntariado-enfocado-en-tecnologia-en-africa\/","url":"https:\/\/cmas.udd.cl\/cplus_noticias\/alumni-de-ingenieria-e-investigador-del-c-realizo-voluntariado-enfocado-en-tecnologia-en-africa\/","name":"Alumni de Ingenier\u00eda e investigador del C+ realiz\u00f3 voluntariado enfocado en tecnolog\u00eda en \u00c1frica - C+","isPartOf":{"@id":"https:\/\/cmas.udd.cl\/#website"},"primaryImageOfPage":{"@id":"https:\/\/cmas.udd.cl\/cplus_noticias\/alumni-de-ingenieria-e-investigador-del-c-realizo-voluntariado-enfocado-en-tecnologia-en-africa\/#primaryimage"},"image":{"@id":"https:\/\/cmas.udd.cl\/cplus_noticias\/alumni-de-ingenieria-e-investigador-del-c-realizo-voluntariado-enfocado-en-tecnologia-en-africa\/#primaryimage"},"thumbnailUrl":"https:\/\/cmas.udd.cl\/wp-content\/uploads\/2023\/03\/WhatsApp-Image-2023-03-30-at-10.13.32.jpeg","datePublished":"2023-03-30T16:18:50+00:00","dateModified":"2023-03-30T17:50:27+00:00","breadcrumb":{"@id":"https:\/\/cmas.udd.cl\/cplus_noticias\/alumni-de-ingenieria-e-investigador-del-c-realizo-voluntariado-enfocado-en-tecnologia-en-africa\/#breadcrumb"},"inLanguage":"en-US","potentialAction":[{"@type":"ReadAction","target":["https:\/\/cmas.udd.cl\/cplus_noticias\/alumni-de-ingenieria-e-investigador-del-c-realizo-voluntariado-enfocado-en-tecnologia-en-africa\/"]}]},{"@type":"ImageObject","inLanguage":"en-US","@id":"https:\/\/cmas.udd.cl\/cplus_noticias\/alumni-de-ingenieria-e-investigador-del-c-realizo-voluntariado-enfocado-en-tecnologia-en-africa\/#primaryimage","url":"https:\/\/cmas.udd.cl\/wp-content\/uploads\/2023\/03\/WhatsApp-Image-2023-03-30-at-10.13.32.jpeg","contentUrl":"https:\/\/cmas.udd.cl\/wp-content\/uploads\/2023\/03\/WhatsApp-Image-2023-03-30-at-10.13.32.jpeg","width":1280,"height":960},{"@type":"BreadcrumbList","@id":"https:\/\/cmas.udd.cl\/cplus_noticias\/alumni-de-ingenieria-e-investigador-del-c-realizo-voluntariado-enfocado-en-tecnologia-en-africa\/#breadcrumb","itemListElement":[{"@type":"ListItem","position":1,"name":"Home","item":"https:\/\/cmas.udd.cl\/"},{"@type":"ListItem","position":2,"name":"cplus_noticias","item":"https:\/\/cmas.udd.cl\/cplus_noticias\/"},{"@type":"ListItem","position":3,"name":"Alumni de Ingenier\u00eda e investigador del C+ realiz\u00f3 voluntariado enfocado en tecnolog\u00eda en \u00c1frica"}]},{"@type":"WebSite","@id":"https:\/\/cmas.udd.cl\/#website","url":"https:\/\/cmas.udd.cl\/","name":"C+","description":"Centro Investigaci\u00f3n enTecnolog\u00edas para la Sociedad","publisher":{"@id":"https:\/\/cmas.udd.cl\/#organization"},"potentialAction":[{"@type":"SearchAction","target":{"@type":"EntryPoint","urlTemplate":"https:\/\/cmas.udd.cl\/?s={search_term_string}"},"query-input":{"@type":"PropertyValueSpecification","valueRequired":true,"valueName":"search_term_string"}}],"inLanguage":"en-US"},{"@type":"Organization","@id":"https:\/\/cmas.udd.cl\/#organization","name":"C+","url":"https:\/\/cmas.udd.cl\/","logo":{"@type":"ImageObject","inLanguage":"en-US","@id":"https:\/\/cmas.udd.cl\/#\/schema\/logo\/image\/","url":"https:\/\/cmas.udd.cl\/wp-content\/uploads\/2023\/05\/Logo-compuesto-UDD-Cmas.png","contentUrl":"https:\/\/cmas.udd.cl\/wp-content\/uploads\/2023\/05\/Logo-compuesto-UDD-Cmas.png","width":695,"height":72,"caption":"C+"},"image":{"@id":"https:\/\/cmas.udd.cl\/#\/schema\/logo\/image\/"}}]}},"_links":{"self":[{"href":"https:\/\/cmas.udd.cl\/en\/wp-json\/wp\/v2\/cplus_noticias\/2545","targetHints":{"allow":["GET"]}}],"collection":[{"href":"https:\/\/cmas.udd.cl\/en\/wp-json\/wp\/v2\/cplus_noticias"}],"about":[{"href":"https:\/\/cmas.udd.cl\/en\/wp-json\/wp\/v2\/types\/cplus_noticias"}],"version-history":[{"count":0,"href":"https:\/\/cmas.udd.cl\/en\/wp-json\/wp\/v2\/cplus_noticias\/2545\/revisions"}],"wp:featuredmedia":[{"embeddable":true,"href":"https:\/\/cmas.udd.cl\/en\/wp-json\/wp\/v2\/media\/2548"}],"wp:attachment":[{"href":"https:\/\/cmas.udd.cl\/en\/wp-json\/wp\/v2\/media?parent=2545"}],"wp:term":[{"taxonomy":"taxo_noticias","embeddable":true,"href":"https:\/\/cmas.udd.cl\/en\/wp-json\/wp\/v2\/taxo_noticias?post=2545"},{"taxonomy":"grupo-de-investigacion","embeddable":true,"href":"https:\/\/cmas.udd.cl\/en\/wp-json\/wp\/v2\/grupo-de-investigacion?post=2545"}],"curies":[{"name":"wp","href":"https:\/\/api.w.org\/{rel}","templated":true}]}}