{"id":2454,"date":"2023-03-21T17:32:52","date_gmt":"2023-03-21T17:32:52","guid":{"rendered":"https:\/\/centrodeinvestigacioningenieria.udd.cl\/?post_type=cplus_noticias&#038;p=2454"},"modified":"2023-04-14T19:07:58","modified_gmt":"2023-04-14T19:07:58","slug":"c-colabora-en-proyecto-que-fue-lanzado-a-la-estacional-espacial-internacional-y-que-permitira-la-creacion-de-medicamentos","status":"publish","type":"cplus_noticias","link":"https:\/\/cmas.udd.cl\/en\/cplus_noticias\/c-colabora-en-proyecto-que-fue-lanzado-a-la-estacional-espacial-internacional-y-que-permitira-la-creacion-de-medicamentos\/","title":{"rendered":"C+ colabora en proyecto que fue lanzado a la Estacional Espacial Internacional y que permitir\u00e1 la creaci\u00f3n de medicamentos"},"content":{"rendered":"<p>Hace algunos d\u00edas, se realiz\u00f3 el lanzamiento de la misi\u00f3n CRS-27 en el cohete SpaceX Falcon 9 hacia la Estaci\u00f3n Internacional Espacial. En su interior se inclu\u00eda el proyecto \u201cAmpliRx Space Pharmacy\u201d, plataforma experimental de manufactura farmac\u00e9utica, que quedar\u00e1 a la espera de ser usado por el personal a bordo de la estaci\u00f3n durante los pr\u00f3ximos meses.<\/p>\n\n\n\n<p>La iniciativa fue desarrollada por la empresa MakerHealth, un spin-off del Instituto Tecnol\u00f3gico de Massachusetts (MIT) fundada por el investigador Jos\u00e9 G\u00f3mez-M\u00e1rquez, quien adem\u00e1s trabaja con el Centro de Investigaci\u00f3n en Tecnolog\u00edas para la Sociedad (C+) de la Facultad de Ingenier\u00eda UDD en diversos proyectos y la colaboraci\u00f3n del mismo Centro de Investigaci\u00f3n.&nbsp;<\/p>\n\n\n\n<p>En esta ocasi\u00f3n, la misi\u00f3n envi\u00f3 alrededor de 60 experimentos inaugurales que impulsar\u00e1n el trabajo realizado en la fabricaci\u00f3n de biomateriales y medicamentos.&nbsp;<\/p>\n\n\n\n<p>En relaci\u00f3n a lo anterior, Jos\u00e9 G\u00f3mez M\u00e1rquez, se\u00f1al\u00f3 que \u201cestamos aprendiendo a redise\u00f1ar v\u00edas de fabricaci\u00f3n sostenibles y con bajas emisiones de carbono para explorar c\u00f3mo la producci\u00f3n sostenible de medicamentos aprende de los entornos extremos del espacio y beneficia el acceso farmac\u00e9utico en la Tierra. Al transformar el juego de tubos de ensayo y fluidos de qu\u00edmica en un juego de Lego bioqu\u00edmico que puede mezclarse, compartirse y reproducirse, estamos construyendo una constelaci\u00f3n de f\u00e1bricas de medicamentos al alcance de todos\u201d.<\/p>\n\n\n\n<figure class=\"wp-block-embed is-type-video is-provider-youtube wp-block-embed-youtube wp-embed-aspect-16-9 wp-has-aspect-ratio\"><div class=\"wp-block-embed__wrapper\">\n<iframe title=\"CRS-27 Mission\" width=\"800\" height=\"450\" src=\"https:\/\/www.youtube.com\/embed\/8tteM4Q2Lh0?feature=oembed\" frameborder=\"0\" allow=\"accelerometer; autoplay; clipboard-write; encrypted-media; gyroscope; picture-in-picture; web-share\" allowfullscreen><\/iframe>\n<\/div><\/figure>\n\n\n\n<p>Respecto a la colaboraci\u00f3n que realiz\u00f3 el Centro de Investigaci\u00f3n de Ingenier\u00eda UDD en este proyecto, desde el C+ explican que consisti\u00f3 en la asistencia t\u00e9cnica del dise\u00f1o de los objetos en s\u00ed, modificando aspectos que permitieron optimizar el desempe\u00f1o del dispositivo y, tambi\u00e9n, ajustando par\u00e1metros para la manufactura distribuida en 3 distintos laboratorios de manera sincronizada, lo que permiti\u00f3 la producci\u00f3n de m\u00e1s de 1500 unidades que ahora forman parte del experimento en \u00f3rbita.<\/p>\n\n\n\n<p>\u201cEl establecer relaciones internacionales para la ejecuci\u00f3n de proyectos de investigaci\u00f3n y desarrollo constituye un pilar fundamental dentro de este mismo entorno, ya que nos permite aprender mutuamente sobre la resoluci\u00f3n de diversas problem\u00e1ticas y, al mismo tiempo, aportar a nivel global al desarrollo humano, lo que da cuenta de que en Chile se puede colaborar y hacer ciencia de nivel mundial\u201d, sostuvo Mart\u00edn Gaete, investigador del C+ que colabor\u00f3 directamente en AmpliRx.&nbsp;<\/p>\n\n\n\n<p>Cabe destacar que esta misi\u00f3n ser\u00eda la primera etapa para llevar AmpliRx a las manos de los pacientes, m\u00e9dicos e investigadores en el espacio exterior y, posteriormente, a la Tierra.&nbsp;<\/p>","protected":false},"featured_media":2456,"template":"","taxo_noticias":[],"grupo-de-investigacion":[],"class_list":["post-2454","cplus_noticias","type-cplus_noticias","status-publish","has-post-thumbnail","hentry"],"acf":[],"yoast_head":"<!-- This site is optimized with the Yoast SEO plugin v27.3 - https:\/\/yoast.com\/product\/yoast-seo-wordpress\/ -->\n<title>C+ colabora en proyecto que fue lanzado a la Estacional Espacial Internacional y que permitir\u00e1 la creaci\u00f3n de medicamentos - C+<\/title>\n<meta name=\"robots\" content=\"index, follow, max-snippet:-1, max-image-preview:large, max-video-preview:-1\" \/>\n<link rel=\"canonical\" href=\"https:\/\/cmas.udd.cl\/en\/cplus_noticias\/c-colabora-en-proyecto-que-fue-lanzado-a-la-estacional-espacial-internacional-y-que-permitira-la-creacion-de-medicamentos\/\" \/>\n<meta property=\"og:locale\" content=\"en_US\" \/>\n<meta property=\"og:type\" content=\"article\" \/>\n<meta property=\"og:title\" content=\"C+ colabora en proyecto que fue lanzado a la Estacional Espacial Internacional y que permitir\u00e1 la creaci\u00f3n de medicamentos - C+\" \/>\n<meta property=\"og:description\" content=\"Hace algunos d\u00edas, se realiz\u00f3 el lanzamiento de la misi\u00f3n CRS-27 en el cohete SpaceX Falcon 9 hacia la Estaci\u00f3n Internacional Espacial. En su interior se inclu\u00eda el proyecto \u201cAmpliRx Space Pharmacy\u201d, plataforma experimental de manufactura farmac\u00e9utica, que quedar\u00e1 a la espera de ser usado por el personal a bordo de la estaci\u00f3n durante los [&hellip;]\" \/>\n<meta property=\"og:url\" content=\"https:\/\/cmas.udd.cl\/en\/cplus_noticias\/c-colabora-en-proyecto-que-fue-lanzado-a-la-estacional-espacial-internacional-y-que-permitira-la-creacion-de-medicamentos\/\" \/>\n<meta property=\"og:site_name\" content=\"C+\" \/>\n<meta property=\"article:modified_time\" content=\"2023-04-14T19:07:58+00:00\" \/>\n<meta property=\"og:image\" content=\"https:\/\/cmas.udd.cl\/wp-content\/uploads\/2023\/03\/DSC_5608-scaled.jpg\" \/>\n\t<meta property=\"og:image:width\" content=\"2560\" \/>\n\t<meta property=\"og:image:height\" content=\"1703\" \/>\n\t<meta property=\"og:image:type\" content=\"image\/jpeg\" \/>\n<meta name=\"twitter:card\" content=\"summary_large_image\" \/>\n<meta name=\"twitter:label1\" content=\"Est. reading time\" \/>\n\t<meta name=\"twitter:data1\" content=\"2 minutes\" \/>\n<script type=\"application\/ld+json\" class=\"yoast-schema-graph\">{\"@context\":\"https:\\\/\\\/schema.org\",\"@graph\":[{\"@type\":\"WebPage\",\"@id\":\"https:\\\/\\\/cmas.udd.cl\\\/cplus_noticias\\\/c-colabora-en-proyecto-que-fue-lanzado-a-la-estacional-espacial-internacional-y-que-permitira-la-creacion-de-medicamentos\\\/\",\"url\":\"https:\\\/\\\/cmas.udd.cl\\\/cplus_noticias\\\/c-colabora-en-proyecto-que-fue-lanzado-a-la-estacional-espacial-internacional-y-que-permitira-la-creacion-de-medicamentos\\\/\",\"name\":\"C+ colabora en proyecto que fue lanzado a la Estacional Espacial Internacional y que permitir\u00e1 la creaci\u00f3n de medicamentos - C+\",\"isPartOf\":{\"@id\":\"https:\\\/\\\/cmas.udd.cl\\\/#website\"},\"primaryImageOfPage\":{\"@id\":\"https:\\\/\\\/cmas.udd.cl\\\/cplus_noticias\\\/c-colabora-en-proyecto-que-fue-lanzado-a-la-estacional-espacial-internacional-y-que-permitira-la-creacion-de-medicamentos\\\/#primaryimage\"},\"image\":{\"@id\":\"https:\\\/\\\/cmas.udd.cl\\\/cplus_noticias\\\/c-colabora-en-proyecto-que-fue-lanzado-a-la-estacional-espacial-internacional-y-que-permitira-la-creacion-de-medicamentos\\\/#primaryimage\"},\"thumbnailUrl\":\"https:\\\/\\\/cmas.udd.cl\\\/wp-content\\\/uploads\\\/2023\\\/03\\\/DSC_5608-scaled.jpg\",\"datePublished\":\"2023-03-21T17:32:52+00:00\",\"dateModified\":\"2023-04-14T19:07:58+00:00\",\"breadcrumb\":{\"@id\":\"https:\\\/\\\/cmas.udd.cl\\\/cplus_noticias\\\/c-colabora-en-proyecto-que-fue-lanzado-a-la-estacional-espacial-internacional-y-que-permitira-la-creacion-de-medicamentos\\\/#breadcrumb\"},\"inLanguage\":\"en-US\",\"potentialAction\":[{\"@type\":\"ReadAction\",\"target\":[\"https:\\\/\\\/cmas.udd.cl\\\/cplus_noticias\\\/c-colabora-en-proyecto-que-fue-lanzado-a-la-estacional-espacial-internacional-y-que-permitira-la-creacion-de-medicamentos\\\/\"]}]},{\"@type\":\"ImageObject\",\"inLanguage\":\"en-US\",\"@id\":\"https:\\\/\\\/cmas.udd.cl\\\/cplus_noticias\\\/c-colabora-en-proyecto-que-fue-lanzado-a-la-estacional-espacial-internacional-y-que-permitira-la-creacion-de-medicamentos\\\/#primaryimage\",\"url\":\"https:\\\/\\\/cmas.udd.cl\\\/wp-content\\\/uploads\\\/2023\\\/03\\\/DSC_5608-scaled.jpg\",\"contentUrl\":\"https:\\\/\\\/cmas.udd.cl\\\/wp-content\\\/uploads\\\/2023\\\/03\\\/DSC_5608-scaled.jpg\",\"width\":2560,\"height\":1703},{\"@type\":\"BreadcrumbList\",\"@id\":\"https:\\\/\\\/cmas.udd.cl\\\/cplus_noticias\\\/c-colabora-en-proyecto-que-fue-lanzado-a-la-estacional-espacial-internacional-y-que-permitira-la-creacion-de-medicamentos\\\/#breadcrumb\",\"itemListElement\":[{\"@type\":\"ListItem\",\"position\":1,\"name\":\"Home\",\"item\":\"https:\\\/\\\/cmas.udd.cl\\\/\"},{\"@type\":\"ListItem\",\"position\":2,\"name\":\"cplus_noticias\",\"item\":\"https:\\\/\\\/cmas.udd.cl\\\/cplus_noticias\\\/\"},{\"@type\":\"ListItem\",\"position\":3,\"name\":\"C+ colabora en proyecto que fue lanzado a la Estacional Espacial Internacional y que permitir\u00e1 la creaci\u00f3n de medicamentos\"}]},{\"@type\":\"WebSite\",\"@id\":\"https:\\\/\\\/cmas.udd.cl\\\/#website\",\"url\":\"https:\\\/\\\/cmas.udd.cl\\\/\",\"name\":\"C+\",\"description\":\"Centro Investigaci\u00f3n enTecnolog\u00edas para la Sociedad\",\"publisher\":{\"@id\":\"https:\\\/\\\/cmas.udd.cl\\\/#organization\"},\"potentialAction\":[{\"@type\":\"SearchAction\",\"target\":{\"@type\":\"EntryPoint\",\"urlTemplate\":\"https:\\\/\\\/cmas.udd.cl\\\/?s={search_term_string}\"},\"query-input\":{\"@type\":\"PropertyValueSpecification\",\"valueRequired\":true,\"valueName\":\"search_term_string\"}}],\"inLanguage\":\"en-US\"},{\"@type\":\"Organization\",\"@id\":\"https:\\\/\\\/cmas.udd.cl\\\/#organization\",\"name\":\"C+\",\"url\":\"https:\\\/\\\/cmas.udd.cl\\\/\",\"logo\":{\"@type\":\"ImageObject\",\"inLanguage\":\"en-US\",\"@id\":\"https:\\\/\\\/cmas.udd.cl\\\/#\\\/schema\\\/logo\\\/image\\\/\",\"url\":\"https:\\\/\\\/cmas.udd.cl\\\/wp-content\\\/uploads\\\/2023\\\/05\\\/Logo-compuesto-UDD-Cmas.png\",\"contentUrl\":\"https:\\\/\\\/cmas.udd.cl\\\/wp-content\\\/uploads\\\/2023\\\/05\\\/Logo-compuesto-UDD-Cmas.png\",\"width\":695,\"height\":72,\"caption\":\"C+\"},\"image\":{\"@id\":\"https:\\\/\\\/cmas.udd.cl\\\/#\\\/schema\\\/logo\\\/image\\\/\"}}]}<\/script>\n<!-- \/ Yoast SEO plugin. -->","yoast_head_json":{"title":"C+ colabora en proyecto que fue lanzado a la Estacional Espacial Internacional y que permitir\u00e1 la creaci\u00f3n de medicamentos - C+","robots":{"index":"index","follow":"follow","max-snippet":"max-snippet:-1","max-image-preview":"max-image-preview:large","max-video-preview":"max-video-preview:-1"},"canonical":"https:\/\/cmas.udd.cl\/en\/cplus_noticias\/c-colabora-en-proyecto-que-fue-lanzado-a-la-estacional-espacial-internacional-y-que-permitira-la-creacion-de-medicamentos\/","og_locale":"en_US","og_type":"article","og_title":"C+ colabora en proyecto que fue lanzado a la Estacional Espacial Internacional y que permitir\u00e1 la creaci\u00f3n de medicamentos - C+","og_description":"Hace algunos d\u00edas, se realiz\u00f3 el lanzamiento de la misi\u00f3n CRS-27 en el cohete SpaceX Falcon 9 hacia la Estaci\u00f3n Internacional Espacial. En su interior se inclu\u00eda el proyecto \u201cAmpliRx Space Pharmacy\u201d, plataforma experimental de manufactura farmac\u00e9utica, que quedar\u00e1 a la espera de ser usado por el personal a bordo de la estaci\u00f3n durante los [&hellip;]","og_url":"https:\/\/cmas.udd.cl\/en\/cplus_noticias\/c-colabora-en-proyecto-que-fue-lanzado-a-la-estacional-espacial-internacional-y-que-permitira-la-creacion-de-medicamentos\/","og_site_name":"C+","article_modified_time":"2023-04-14T19:07:58+00:00","og_image":[{"width":2560,"height":1703,"url":"https:\/\/cmas.udd.cl\/wp-content\/uploads\/2023\/03\/DSC_5608-scaled.jpg","type":"image\/jpeg"}],"twitter_card":"summary_large_image","twitter_misc":{"Est. reading time":"2 minutes"},"schema":{"@context":"https:\/\/schema.org","@graph":[{"@type":"WebPage","@id":"https:\/\/cmas.udd.cl\/cplus_noticias\/c-colabora-en-proyecto-que-fue-lanzado-a-la-estacional-espacial-internacional-y-que-permitira-la-creacion-de-medicamentos\/","url":"https:\/\/cmas.udd.cl\/cplus_noticias\/c-colabora-en-proyecto-que-fue-lanzado-a-la-estacional-espacial-internacional-y-que-permitira-la-creacion-de-medicamentos\/","name":"C+ colabora en proyecto que fue lanzado a la Estacional Espacial Internacional y que permitir\u00e1 la creaci\u00f3n de medicamentos - C+","isPartOf":{"@id":"https:\/\/cmas.udd.cl\/#website"},"primaryImageOfPage":{"@id":"https:\/\/cmas.udd.cl\/cplus_noticias\/c-colabora-en-proyecto-que-fue-lanzado-a-la-estacional-espacial-internacional-y-que-permitira-la-creacion-de-medicamentos\/#primaryimage"},"image":{"@id":"https:\/\/cmas.udd.cl\/cplus_noticias\/c-colabora-en-proyecto-que-fue-lanzado-a-la-estacional-espacial-internacional-y-que-permitira-la-creacion-de-medicamentos\/#primaryimage"},"thumbnailUrl":"https:\/\/cmas.udd.cl\/wp-content\/uploads\/2023\/03\/DSC_5608-scaled.jpg","datePublished":"2023-03-21T17:32:52+00:00","dateModified":"2023-04-14T19:07:58+00:00","breadcrumb":{"@id":"https:\/\/cmas.udd.cl\/cplus_noticias\/c-colabora-en-proyecto-que-fue-lanzado-a-la-estacional-espacial-internacional-y-que-permitira-la-creacion-de-medicamentos\/#breadcrumb"},"inLanguage":"en-US","potentialAction":[{"@type":"ReadAction","target":["https:\/\/cmas.udd.cl\/cplus_noticias\/c-colabora-en-proyecto-que-fue-lanzado-a-la-estacional-espacial-internacional-y-que-permitira-la-creacion-de-medicamentos\/"]}]},{"@type":"ImageObject","inLanguage":"en-US","@id":"https:\/\/cmas.udd.cl\/cplus_noticias\/c-colabora-en-proyecto-que-fue-lanzado-a-la-estacional-espacial-internacional-y-que-permitira-la-creacion-de-medicamentos\/#primaryimage","url":"https:\/\/cmas.udd.cl\/wp-content\/uploads\/2023\/03\/DSC_5608-scaled.jpg","contentUrl":"https:\/\/cmas.udd.cl\/wp-content\/uploads\/2023\/03\/DSC_5608-scaled.jpg","width":2560,"height":1703},{"@type":"BreadcrumbList","@id":"https:\/\/cmas.udd.cl\/cplus_noticias\/c-colabora-en-proyecto-que-fue-lanzado-a-la-estacional-espacial-internacional-y-que-permitira-la-creacion-de-medicamentos\/#breadcrumb","itemListElement":[{"@type":"ListItem","position":1,"name":"Home","item":"https:\/\/cmas.udd.cl\/"},{"@type":"ListItem","position":2,"name":"cplus_noticias","item":"https:\/\/cmas.udd.cl\/cplus_noticias\/"},{"@type":"ListItem","position":3,"name":"C+ colabora en proyecto que fue lanzado a la Estacional Espacial Internacional y que permitir\u00e1 la creaci\u00f3n de medicamentos"}]},{"@type":"WebSite","@id":"https:\/\/cmas.udd.cl\/#website","url":"https:\/\/cmas.udd.cl\/","name":"C+","description":"Centro Investigaci\u00f3n enTecnolog\u00edas para la Sociedad","publisher":{"@id":"https:\/\/cmas.udd.cl\/#organization"},"potentialAction":[{"@type":"SearchAction","target":{"@type":"EntryPoint","urlTemplate":"https:\/\/cmas.udd.cl\/?s={search_term_string}"},"query-input":{"@type":"PropertyValueSpecification","valueRequired":true,"valueName":"search_term_string"}}],"inLanguage":"en-US"},{"@type":"Organization","@id":"https:\/\/cmas.udd.cl\/#organization","name":"C+","url":"https:\/\/cmas.udd.cl\/","logo":{"@type":"ImageObject","inLanguage":"en-US","@id":"https:\/\/cmas.udd.cl\/#\/schema\/logo\/image\/","url":"https:\/\/cmas.udd.cl\/wp-content\/uploads\/2023\/05\/Logo-compuesto-UDD-Cmas.png","contentUrl":"https:\/\/cmas.udd.cl\/wp-content\/uploads\/2023\/05\/Logo-compuesto-UDD-Cmas.png","width":695,"height":72,"caption":"C+"},"image":{"@id":"https:\/\/cmas.udd.cl\/#\/schema\/logo\/image\/"}}]}},"_links":{"self":[{"href":"https:\/\/cmas.udd.cl\/en\/wp-json\/wp\/v2\/cplus_noticias\/2454","targetHints":{"allow":["GET"]}}],"collection":[{"href":"https:\/\/cmas.udd.cl\/en\/wp-json\/wp\/v2\/cplus_noticias"}],"about":[{"href":"https:\/\/cmas.udd.cl\/en\/wp-json\/wp\/v2\/types\/cplus_noticias"}],"version-history":[{"count":0,"href":"https:\/\/cmas.udd.cl\/en\/wp-json\/wp\/v2\/cplus_noticias\/2454\/revisions"}],"wp:featuredmedia":[{"embeddable":true,"href":"https:\/\/cmas.udd.cl\/en\/wp-json\/wp\/v2\/media\/2456"}],"wp:attachment":[{"href":"https:\/\/cmas.udd.cl\/en\/wp-json\/wp\/v2\/media?parent=2454"}],"wp:term":[{"taxonomy":"taxo_noticias","embeddable":true,"href":"https:\/\/cmas.udd.cl\/en\/wp-json\/wp\/v2\/taxo_noticias?post=2454"},{"taxonomy":"grupo-de-investigacion","embeddable":true,"href":"https:\/\/cmas.udd.cl\/en\/wp-json\/wp\/v2\/grupo-de-investigacion?post=2454"}],"curies":[{"name":"wp","href":"https:\/\/api.w.org\/{rel}","templated":true}]}}