{"id":2244,"date":"2020-06-11T04:05:00","date_gmt":"2020-06-11T04:05:00","guid":{"rendered":"https:\/\/centrodeinvestigacioningenieria.udd.cl\/?post_type=cplus_noticias&#038;p=2244"},"modified":"2025-04-22T03:36:57","modified_gmt":"2025-04-22T03:36:57","slug":"covid-19-innovacion-udd-disena-casco-de-tratamiento-de-oxigeno-para-ventilacion-no-invasiva","status":"publish","type":"cplus_noticias","link":"https:\/\/cmas.udd.cl\/en\/cplus_noticias\/covid-19-innovacion-udd-disena-casco-de-tratamiento-de-oxigeno-para-ventilacion-no-invasiva\/","title":{"rendered":"Covid-19: Innovaci\u00f3n UDD dise\u00f1a casco de tratamiento de ox\u00edgeno para ventilaci\u00f3n no invasiva"},"content":{"rendered":"<p><em>Esta tecnolog\u00eda utilizada en Estados Unidos, Inglaterra, Israel e Italia, ha logrado reducir el uso de ventiladores mec\u00e1nicos hasta en un 40%, seg\u00fan estudios de la Universidad Chicago.<\/em><\/p>\n\n\n\n<p>En el marco de la pandemia Covid-19, la Universidad del Desarrollo a trav\u00e9s de la Direcci\u00f3n de Innovaci\u00f3n contin\u00faa generando soluciones dirigidas al personal del sistema de salud. En ese proceso, dise\u00f1\u00f3 un casco de tratamiento de ox\u00edgeno para ventilaci\u00f3n no invasiva para pacientes contagiados con Covid. La iniciativa surgi\u00f3 a partir de una necesidad de la Cl\u00ednica Alemana de contar con un dispositivo que otorgue mayor comodidad a pacientes en etapas tempranas de la enfermedad y as\u00ed contar con una terapia alternativa que permita evitar recurrir al ventilador mec\u00e1nico, asimismo se busca reducir el riesgo de contaminaci\u00f3n del recinto hospitalario.&nbsp;<\/p>\n\n\n\n<p>El equipo de Innovaci\u00f3n que trabaja en el dise\u00f1o del casco, se traz\u00f3 dos metas; primero, reproducir el casco en el menor tiempo posible; y segundo, dise\u00f1ar y fabricar una versi\u00f3n mejorada con 3 objetivos de desempe\u00f1o que incluye que se pueda abrir de emergencia con una mano, que permita al paciente estar c\u00f3modo en posici\u00f3n prono y monitorear el nivel de CO2. Cabe mencionar que el equipo de dise\u00f1o est\u00e1 dividido en tres \u00e1mbitos: alternativas de cuellos (cuello de traje seco, membrana de silicona, tela impermeabilizada), burbuja de PVC flexible y marco r\u00edgido (bastidor o acrilico).<\/p>\n\n\n\n<p>Esta tecnolog\u00eda utilizada en Estados Unidos, Inglaterra, Israel e Italia, ha logrado reducir el uso de ventiladores mec\u00e1nicos hasta en un 40%, seg\u00fan estudios de la Universidad Chicago. Fabrizio \u00c1lvarez, coordinador de Innovaci\u00f3n UDD, indic\u00f3 que Chile no cuenta con esta innovaci\u00f3n, ni tampoco se puede acceder a ella porque no est\u00e1 a la venta, por ello, se presenta una oportunidad para crear una soluci\u00f3n de bajo costo y r\u00e1pida creaci\u00f3n. \u201cComo equipo de la Universidad, nuestra principal motivaci\u00f3n es que podamos hacer cambios en el manejo en el tratamiento de los pacientes. Por otra parte, trabajamos a toda m\u00e1quina pues sabemos que ser\u00e1 elemento clave en los pr\u00f3ximos meses que se esperan que sean cr\u00edticos\u201d, se\u00f1al\u00f3.<\/p>\n\n\n\n<p>Andr\u00e9s Cepeda, investigador adjunto de la Universidad del Desarrollo que es parte de&nbsp;<em>news materials and manufacturing systems Lab<\/em>, destac\u00f3 que se inspiraron en experiencias internacionales, pero que lo m\u00e1s complejo ha sido acceder log\u00edsticamente a los insumos para testear el prototipo. \u201cCuando comenzamos a investigar, nos dimos cuenta que en Chile es dif\u00edcil encontrar materiales, de hecho la burbuja (PVC flexible) la compramos en Concepci\u00f3n\u201d. A\u00fan as\u00ed valora que \u201cnos coordinarnos muy bien y hemos logrado bastante con los materiales que tenemos\u201d.&nbsp;<\/p>\n\n\n\n<p>El casco actualmente est\u00e1 en la fase de iteraciones y se espera lograr la pieza final en el mes de Julio. Se proyecta realizar, en conjunto con la Facultad de Medicina UDD, la primera prueba de funcionamiento con personas no contagiadas, para posteriormente implementar la versi\u00f3n definitiva en el Hospital Padre Hurtado.<\/p>","protected":false},"featured_media":2245,"template":"","taxo_noticias":[29],"grupo-de-investigacion":[],"class_list":["post-2244","cplus_noticias","type-cplus_noticias","status-publish","has-post-thumbnail","hentry","taxo_noticias-newmaterials"],"acf":[],"yoast_head":"<!-- This site is optimized with the Yoast SEO plugin v27.3 - https:\/\/yoast.com\/product\/yoast-seo-wordpress\/ -->\n<title>Covid-19: Innovaci\u00f3n UDD dise\u00f1a casco de tratamiento de ox\u00edgeno para ventilaci\u00f3n no invasiva - C+<\/title>\n<meta name=\"robots\" content=\"index, follow, max-snippet:-1, max-image-preview:large, max-video-preview:-1\" \/>\n<link rel=\"canonical\" href=\"https:\/\/cmas.udd.cl\/en\/cplus_noticias\/covid-19-innovacion-udd-disena-casco-de-tratamiento-de-oxigeno-para-ventilacion-no-invasiva\/\" \/>\n<meta property=\"og:locale\" content=\"en_US\" \/>\n<meta property=\"og:type\" content=\"article\" \/>\n<meta property=\"og:title\" content=\"Covid-19: Innovaci\u00f3n UDD dise\u00f1a casco de tratamiento de ox\u00edgeno para ventilaci\u00f3n no invasiva - C+\" \/>\n<meta property=\"og:description\" content=\"Esta tecnolog\u00eda utilizada en Estados Unidos, Inglaterra, Israel e Italia, ha logrado reducir el uso de ventiladores mec\u00e1nicos hasta en un 40%, seg\u00fan estudios de la Universidad Chicago. En el marco de la pandemia Covid-19, la Universidad del Desarrollo a trav\u00e9s de la Direcci\u00f3n de Innovaci\u00f3n contin\u00faa generando soluciones dirigidas al personal del sistema de [&hellip;]\" \/>\n<meta property=\"og:url\" content=\"https:\/\/cmas.udd.cl\/en\/cplus_noticias\/covid-19-innovacion-udd-disena-casco-de-tratamiento-de-oxigeno-para-ventilacion-no-invasiva\/\" \/>\n<meta property=\"og:site_name\" content=\"C+\" \/>\n<meta property=\"article:modified_time\" content=\"2025-04-22T03:36:57+00:00\" \/>\n<meta property=\"og:image\" content=\"https:\/\/cmas.udd.cl\/wp-content\/uploads\/2023\/02\/casco2-1024x1018-1.jpeg\" \/>\n\t<meta property=\"og:image:width\" content=\"1024\" \/>\n\t<meta property=\"og:image:height\" content=\"1018\" \/>\n\t<meta property=\"og:image:type\" content=\"image\/jpeg\" \/>\n<meta name=\"twitter:card\" content=\"summary_large_image\" \/>\n<meta name=\"twitter:label1\" content=\"Est. reading time\" \/>\n\t<meta name=\"twitter:data1\" content=\"3 minutes\" \/>\n<script type=\"application\/ld+json\" class=\"yoast-schema-graph\">{\"@context\":\"https:\\\/\\\/schema.org\",\"@graph\":[{\"@type\":\"WebPage\",\"@id\":\"https:\\\/\\\/cmas.udd.cl\\\/cplus_noticias\\\/covid-19-innovacion-udd-disena-casco-de-tratamiento-de-oxigeno-para-ventilacion-no-invasiva\\\/\",\"url\":\"https:\\\/\\\/cmas.udd.cl\\\/cplus_noticias\\\/covid-19-innovacion-udd-disena-casco-de-tratamiento-de-oxigeno-para-ventilacion-no-invasiva\\\/\",\"name\":\"Covid-19: Innovaci\u00f3n UDD dise\u00f1a casco de tratamiento de ox\u00edgeno para ventilaci\u00f3n no invasiva - C+\",\"isPartOf\":{\"@id\":\"https:\\\/\\\/cmas.udd.cl\\\/#website\"},\"primaryImageOfPage\":{\"@id\":\"https:\\\/\\\/cmas.udd.cl\\\/cplus_noticias\\\/covid-19-innovacion-udd-disena-casco-de-tratamiento-de-oxigeno-para-ventilacion-no-invasiva\\\/#primaryimage\"},\"image\":{\"@id\":\"https:\\\/\\\/cmas.udd.cl\\\/cplus_noticias\\\/covid-19-innovacion-udd-disena-casco-de-tratamiento-de-oxigeno-para-ventilacion-no-invasiva\\\/#primaryimage\"},\"thumbnailUrl\":\"https:\\\/\\\/cmas.udd.cl\\\/wp-content\\\/uploads\\\/2023\\\/02\\\/casco2-1024x1018-1.jpeg\",\"datePublished\":\"2020-06-11T04:05:00+00:00\",\"dateModified\":\"2025-04-22T03:36:57+00:00\",\"breadcrumb\":{\"@id\":\"https:\\\/\\\/cmas.udd.cl\\\/cplus_noticias\\\/covid-19-innovacion-udd-disena-casco-de-tratamiento-de-oxigeno-para-ventilacion-no-invasiva\\\/#breadcrumb\"},\"inLanguage\":\"en-US\",\"potentialAction\":[{\"@type\":\"ReadAction\",\"target\":[\"https:\\\/\\\/cmas.udd.cl\\\/cplus_noticias\\\/covid-19-innovacion-udd-disena-casco-de-tratamiento-de-oxigeno-para-ventilacion-no-invasiva\\\/\"]}]},{\"@type\":\"ImageObject\",\"inLanguage\":\"en-US\",\"@id\":\"https:\\\/\\\/cmas.udd.cl\\\/cplus_noticias\\\/covid-19-innovacion-udd-disena-casco-de-tratamiento-de-oxigeno-para-ventilacion-no-invasiva\\\/#primaryimage\",\"url\":\"https:\\\/\\\/cmas.udd.cl\\\/wp-content\\\/uploads\\\/2023\\\/02\\\/casco2-1024x1018-1.jpeg\",\"contentUrl\":\"https:\\\/\\\/cmas.udd.cl\\\/wp-content\\\/uploads\\\/2023\\\/02\\\/casco2-1024x1018-1.jpeg\",\"width\":1024,\"height\":1018},{\"@type\":\"BreadcrumbList\",\"@id\":\"https:\\\/\\\/cmas.udd.cl\\\/cplus_noticias\\\/covid-19-innovacion-udd-disena-casco-de-tratamiento-de-oxigeno-para-ventilacion-no-invasiva\\\/#breadcrumb\",\"itemListElement\":[{\"@type\":\"ListItem\",\"position\":1,\"name\":\"Home\",\"item\":\"https:\\\/\\\/cmas.udd.cl\\\/\"},{\"@type\":\"ListItem\",\"position\":2,\"name\":\"cplus_noticias\",\"item\":\"https:\\\/\\\/cmas.udd.cl\\\/cplus_noticias\\\/\"},{\"@type\":\"ListItem\",\"position\":3,\"name\":\"Covid-19: Innovaci\u00f3n UDD dise\u00f1a casco de tratamiento de ox\u00edgeno para ventilaci\u00f3n no invasiva\"}]},{\"@type\":\"WebSite\",\"@id\":\"https:\\\/\\\/cmas.udd.cl\\\/#website\",\"url\":\"https:\\\/\\\/cmas.udd.cl\\\/\",\"name\":\"C+\",\"description\":\"Centro Investigaci\u00f3n enTecnolog\u00edas para la Sociedad\",\"publisher\":{\"@id\":\"https:\\\/\\\/cmas.udd.cl\\\/#organization\"},\"potentialAction\":[{\"@type\":\"SearchAction\",\"target\":{\"@type\":\"EntryPoint\",\"urlTemplate\":\"https:\\\/\\\/cmas.udd.cl\\\/?s={search_term_string}\"},\"query-input\":{\"@type\":\"PropertyValueSpecification\",\"valueRequired\":true,\"valueName\":\"search_term_string\"}}],\"inLanguage\":\"en-US\"},{\"@type\":\"Organization\",\"@id\":\"https:\\\/\\\/cmas.udd.cl\\\/#organization\",\"name\":\"C+\",\"url\":\"https:\\\/\\\/cmas.udd.cl\\\/\",\"logo\":{\"@type\":\"ImageObject\",\"inLanguage\":\"en-US\",\"@id\":\"https:\\\/\\\/cmas.udd.cl\\\/#\\\/schema\\\/logo\\\/image\\\/\",\"url\":\"https:\\\/\\\/cmas.udd.cl\\\/wp-content\\\/uploads\\\/2023\\\/05\\\/Logo-compuesto-UDD-Cmas.png\",\"contentUrl\":\"https:\\\/\\\/cmas.udd.cl\\\/wp-content\\\/uploads\\\/2023\\\/05\\\/Logo-compuesto-UDD-Cmas.png\",\"width\":695,\"height\":72,\"caption\":\"C+\"},\"image\":{\"@id\":\"https:\\\/\\\/cmas.udd.cl\\\/#\\\/schema\\\/logo\\\/image\\\/\"}}]}<\/script>\n<!-- \/ Yoast SEO plugin. -->","yoast_head_json":{"title":"Covid-19: Innovaci\u00f3n UDD dise\u00f1a casco de tratamiento de ox\u00edgeno para ventilaci\u00f3n no invasiva - C+","robots":{"index":"index","follow":"follow","max-snippet":"max-snippet:-1","max-image-preview":"max-image-preview:large","max-video-preview":"max-video-preview:-1"},"canonical":"https:\/\/cmas.udd.cl\/en\/cplus_noticias\/covid-19-innovacion-udd-disena-casco-de-tratamiento-de-oxigeno-para-ventilacion-no-invasiva\/","og_locale":"en_US","og_type":"article","og_title":"Covid-19: Innovaci\u00f3n UDD dise\u00f1a casco de tratamiento de ox\u00edgeno para ventilaci\u00f3n no invasiva - C+","og_description":"Esta tecnolog\u00eda utilizada en Estados Unidos, Inglaterra, Israel e Italia, ha logrado reducir el uso de ventiladores mec\u00e1nicos hasta en un 40%, seg\u00fan estudios de la Universidad Chicago. En el marco de la pandemia Covid-19, la Universidad del Desarrollo a trav\u00e9s de la Direcci\u00f3n de Innovaci\u00f3n contin\u00faa generando soluciones dirigidas al personal del sistema de [&hellip;]","og_url":"https:\/\/cmas.udd.cl\/en\/cplus_noticias\/covid-19-innovacion-udd-disena-casco-de-tratamiento-de-oxigeno-para-ventilacion-no-invasiva\/","og_site_name":"C+","article_modified_time":"2025-04-22T03:36:57+00:00","og_image":[{"width":1024,"height":1018,"url":"https:\/\/cmas.udd.cl\/wp-content\/uploads\/2023\/02\/casco2-1024x1018-1.jpeg","type":"image\/jpeg"}],"twitter_card":"summary_large_image","twitter_misc":{"Est. reading time":"3 minutes"},"schema":{"@context":"https:\/\/schema.org","@graph":[{"@type":"WebPage","@id":"https:\/\/cmas.udd.cl\/cplus_noticias\/covid-19-innovacion-udd-disena-casco-de-tratamiento-de-oxigeno-para-ventilacion-no-invasiva\/","url":"https:\/\/cmas.udd.cl\/cplus_noticias\/covid-19-innovacion-udd-disena-casco-de-tratamiento-de-oxigeno-para-ventilacion-no-invasiva\/","name":"Covid-19: Innovaci\u00f3n UDD dise\u00f1a casco de tratamiento de ox\u00edgeno para ventilaci\u00f3n no invasiva - C+","isPartOf":{"@id":"https:\/\/cmas.udd.cl\/#website"},"primaryImageOfPage":{"@id":"https:\/\/cmas.udd.cl\/cplus_noticias\/covid-19-innovacion-udd-disena-casco-de-tratamiento-de-oxigeno-para-ventilacion-no-invasiva\/#primaryimage"},"image":{"@id":"https:\/\/cmas.udd.cl\/cplus_noticias\/covid-19-innovacion-udd-disena-casco-de-tratamiento-de-oxigeno-para-ventilacion-no-invasiva\/#primaryimage"},"thumbnailUrl":"https:\/\/cmas.udd.cl\/wp-content\/uploads\/2023\/02\/casco2-1024x1018-1.jpeg","datePublished":"2020-06-11T04:05:00+00:00","dateModified":"2025-04-22T03:36:57+00:00","breadcrumb":{"@id":"https:\/\/cmas.udd.cl\/cplus_noticias\/covid-19-innovacion-udd-disena-casco-de-tratamiento-de-oxigeno-para-ventilacion-no-invasiva\/#breadcrumb"},"inLanguage":"en-US","potentialAction":[{"@type":"ReadAction","target":["https:\/\/cmas.udd.cl\/cplus_noticias\/covid-19-innovacion-udd-disena-casco-de-tratamiento-de-oxigeno-para-ventilacion-no-invasiva\/"]}]},{"@type":"ImageObject","inLanguage":"en-US","@id":"https:\/\/cmas.udd.cl\/cplus_noticias\/covid-19-innovacion-udd-disena-casco-de-tratamiento-de-oxigeno-para-ventilacion-no-invasiva\/#primaryimage","url":"https:\/\/cmas.udd.cl\/wp-content\/uploads\/2023\/02\/casco2-1024x1018-1.jpeg","contentUrl":"https:\/\/cmas.udd.cl\/wp-content\/uploads\/2023\/02\/casco2-1024x1018-1.jpeg","width":1024,"height":1018},{"@type":"BreadcrumbList","@id":"https:\/\/cmas.udd.cl\/cplus_noticias\/covid-19-innovacion-udd-disena-casco-de-tratamiento-de-oxigeno-para-ventilacion-no-invasiva\/#breadcrumb","itemListElement":[{"@type":"ListItem","position":1,"name":"Home","item":"https:\/\/cmas.udd.cl\/"},{"@type":"ListItem","position":2,"name":"cplus_noticias","item":"https:\/\/cmas.udd.cl\/cplus_noticias\/"},{"@type":"ListItem","position":3,"name":"Covid-19: Innovaci\u00f3n UDD dise\u00f1a casco de tratamiento de ox\u00edgeno para ventilaci\u00f3n no invasiva"}]},{"@type":"WebSite","@id":"https:\/\/cmas.udd.cl\/#website","url":"https:\/\/cmas.udd.cl\/","name":"C+","description":"Centro Investigaci\u00f3n enTecnolog\u00edas para la Sociedad","publisher":{"@id":"https:\/\/cmas.udd.cl\/#organization"},"potentialAction":[{"@type":"SearchAction","target":{"@type":"EntryPoint","urlTemplate":"https:\/\/cmas.udd.cl\/?s={search_term_string}"},"query-input":{"@type":"PropertyValueSpecification","valueRequired":true,"valueName":"search_term_string"}}],"inLanguage":"en-US"},{"@type":"Organization","@id":"https:\/\/cmas.udd.cl\/#organization","name":"C+","url":"https:\/\/cmas.udd.cl\/","logo":{"@type":"ImageObject","inLanguage":"en-US","@id":"https:\/\/cmas.udd.cl\/#\/schema\/logo\/image\/","url":"https:\/\/cmas.udd.cl\/wp-content\/uploads\/2023\/05\/Logo-compuesto-UDD-Cmas.png","contentUrl":"https:\/\/cmas.udd.cl\/wp-content\/uploads\/2023\/05\/Logo-compuesto-UDD-Cmas.png","width":695,"height":72,"caption":"C+"},"image":{"@id":"https:\/\/cmas.udd.cl\/#\/schema\/logo\/image\/"}}]}},"_links":{"self":[{"href":"https:\/\/cmas.udd.cl\/en\/wp-json\/wp\/v2\/cplus_noticias\/2244","targetHints":{"allow":["GET"]}}],"collection":[{"href":"https:\/\/cmas.udd.cl\/en\/wp-json\/wp\/v2\/cplus_noticias"}],"about":[{"href":"https:\/\/cmas.udd.cl\/en\/wp-json\/wp\/v2\/types\/cplus_noticias"}],"version-history":[{"count":1,"href":"https:\/\/cmas.udd.cl\/en\/wp-json\/wp\/v2\/cplus_noticias\/2244\/revisions"}],"predecessor-version":[{"id":4469,"href":"https:\/\/cmas.udd.cl\/en\/wp-json\/wp\/v2\/cplus_noticias\/2244\/revisions\/4469"}],"wp:featuredmedia":[{"embeddable":true,"href":"https:\/\/cmas.udd.cl\/en\/wp-json\/wp\/v2\/media\/2245"}],"wp:attachment":[{"href":"https:\/\/cmas.udd.cl\/en\/wp-json\/wp\/v2\/media?parent=2244"}],"wp:term":[{"taxonomy":"taxo_noticias","embeddable":true,"href":"https:\/\/cmas.udd.cl\/en\/wp-json\/wp\/v2\/taxo_noticias?post=2244"},{"taxonomy":"grupo-de-investigacion","embeddable":true,"href":"https:\/\/cmas.udd.cl\/en\/wp-json\/wp\/v2\/grupo-de-investigacion?post=2244"}],"curies":[{"name":"wp","href":"https:\/\/api.w.org\/{rel}","templated":true}]}}