{"id":2188,"date":"2021-08-23T02:58:00","date_gmt":"2021-08-23T02:58:00","guid":{"rendered":"https:\/\/centrodeinvestigacioningenieria.udd.cl\/?post_type=cplus_noticias&#038;p=2188"},"modified":"2023-02-21T03:00:28","modified_gmt":"2023-02-21T03:00:28","slug":"investigador-de-la-direccion-de-innovacion-participo-en-dos-importantes-creaciones-audiovisuales-con-modelado-tecnico-digital","status":"publish","type":"cplus_noticias","link":"https:\/\/cmas.udd.cl\/en\/cplus_noticias\/investigador-de-la-direccion-de-innovacion-participo-en-dos-importantes-creaciones-audiovisuales-con-modelado-tecnico-digital\/","title":{"rendered":"Investigador de la Direcci\u00f3n de Innovaci\u00f3n particip\u00f3 en dos importantes creaciones audiovisuales con modelado t\u00e9cnico digital"},"content":{"rendered":"","protected":false},"featured_media":2191,"template":"","taxo_noticias":[29],"grupo-de-investigacion":[],"class_list":["post-2188","cplus_noticias","type-cplus_noticias","status-publish","has-post-thumbnail","hentry","taxo_noticias-newmaterials"],"acf":[],"yoast_head":"<!-- This site is optimized with the Yoast SEO plugin v27.3 - https:\/\/yoast.com\/product\/yoast-seo-wordpress\/ -->\n<title>Investigador de la Direcci\u00f3n de Innovaci\u00f3n particip\u00f3 en dos importantes creaciones audiovisuales con modelado t\u00e9cnico digital - C+<\/title>\n<meta name=\"robots\" content=\"index, follow, max-snippet:-1, max-image-preview:large, max-video-preview:-1\" \/>\n<link rel=\"canonical\" href=\"https:\/\/cmas.udd.cl\/en\/cplus_noticias\/investigador-de-la-direccion-de-innovacion-participo-en-dos-importantes-creaciones-audiovisuales-con-modelado-tecnico-digital\/\" \/>\n<meta property=\"og:locale\" content=\"en_US\" \/>\n<meta property=\"og:type\" content=\"article\" \/>\n<meta property=\"og:title\" content=\"Investigador de la Direcci\u00f3n de Innovaci\u00f3n particip\u00f3 en dos importantes creaciones audiovisuales con modelado t\u00e9cnico digital - C+\" \/>\n<meta property=\"og:url\" content=\"https:\/\/cmas.udd.cl\/en\/cplus_noticias\/investigador-de-la-direccion-de-innovacion-participo-en-dos-importantes-creaciones-audiovisuales-con-modelado-tecnico-digital\/\" \/>\n<meta property=\"og:site_name\" content=\"C+\" \/>\n<meta property=\"article:modified_time\" content=\"2023-02-21T03:00:28+00:00\" \/>\n<meta property=\"og:image\" content=\"https:\/\/cmas.udd.cl\/wp-content\/uploads\/2023\/02\/mailing-2-1024x577-1.png\" \/>\n\t<meta property=\"og:image:width\" content=\"1024\" \/>\n\t<meta property=\"og:image:height\" content=\"577\" \/>\n\t<meta property=\"og:image:type\" content=\"image\/png\" \/>\n<meta name=\"twitter:card\" content=\"summary_large_image\" \/>\n<script type=\"application\/ld+json\" class=\"yoast-schema-graph\">{\"@context\":\"https:\\\/\\\/schema.org\",\"@graph\":[{\"@type\":\"WebPage\",\"@id\":\"https:\\\/\\\/cmas.udd.cl\\\/cplus_noticias\\\/investigador-de-la-direccion-de-innovacion-participo-en-dos-importantes-creaciones-audiovisuales-con-modelado-tecnico-digital\\\/\",\"url\":\"https:\\\/\\\/cmas.udd.cl\\\/cplus_noticias\\\/investigador-de-la-direccion-de-innovacion-participo-en-dos-importantes-creaciones-audiovisuales-con-modelado-tecnico-digital\\\/\",\"name\":\"Investigador de la Direcci\u00f3n de Innovaci\u00f3n particip\u00f3 en dos importantes creaciones audiovisuales con modelado t\u00e9cnico digital - C+\",\"isPartOf\":{\"@id\":\"https:\\\/\\\/cmas.udd.cl\\\/#website\"},\"primaryImageOfPage\":{\"@id\":\"https:\\\/\\\/cmas.udd.cl\\\/cplus_noticias\\\/investigador-de-la-direccion-de-innovacion-participo-en-dos-importantes-creaciones-audiovisuales-con-modelado-tecnico-digital\\\/#primaryimage\"},\"image\":{\"@id\":\"https:\\\/\\\/cmas.udd.cl\\\/cplus_noticias\\\/investigador-de-la-direccion-de-innovacion-participo-en-dos-importantes-creaciones-audiovisuales-con-modelado-tecnico-digital\\\/#primaryimage\"},\"thumbnailUrl\":\"https:\\\/\\\/cmas.udd.cl\\\/wp-content\\\/uploads\\\/2023\\\/02\\\/mailing-2-1024x577-1.png\",\"datePublished\":\"2021-08-23T02:58:00+00:00\",\"dateModified\":\"2023-02-21T03:00:28+00:00\",\"breadcrumb\":{\"@id\":\"https:\\\/\\\/cmas.udd.cl\\\/cplus_noticias\\\/investigador-de-la-direccion-de-innovacion-participo-en-dos-importantes-creaciones-audiovisuales-con-modelado-tecnico-digital\\\/#breadcrumb\"},\"inLanguage\":\"en-US\",\"potentialAction\":[{\"@type\":\"ReadAction\",\"target\":[\"https:\\\/\\\/cmas.udd.cl\\\/cplus_noticias\\\/investigador-de-la-direccion-de-innovacion-participo-en-dos-importantes-creaciones-audiovisuales-con-modelado-tecnico-digital\\\/\"]}]},{\"@type\":\"ImageObject\",\"inLanguage\":\"en-US\",\"@id\":\"https:\\\/\\\/cmas.udd.cl\\\/cplus_noticias\\\/investigador-de-la-direccion-de-innovacion-participo-en-dos-importantes-creaciones-audiovisuales-con-modelado-tecnico-digital\\\/#primaryimage\",\"url\":\"https:\\\/\\\/cmas.udd.cl\\\/wp-content\\\/uploads\\\/2023\\\/02\\\/mailing-2-1024x577-1.png\",\"contentUrl\":\"https:\\\/\\\/cmas.udd.cl\\\/wp-content\\\/uploads\\\/2023\\\/02\\\/mailing-2-1024x577-1.png\",\"width\":1024,\"height\":577},{\"@type\":\"BreadcrumbList\",\"@id\":\"https:\\\/\\\/cmas.udd.cl\\\/cplus_noticias\\\/investigador-de-la-direccion-de-innovacion-participo-en-dos-importantes-creaciones-audiovisuales-con-modelado-tecnico-digital\\\/#breadcrumb\",\"itemListElement\":[{\"@type\":\"ListItem\",\"position\":1,\"name\":\"Home\",\"item\":\"https:\\\/\\\/cmas.udd.cl\\\/\"},{\"@type\":\"ListItem\",\"position\":2,\"name\":\"cplus_noticias\",\"item\":\"https:\\\/\\\/cmas.udd.cl\\\/cplus_noticias\\\/\"},{\"@type\":\"ListItem\",\"position\":3,\"name\":\"Investigador de la Direcci\u00f3n de Innovaci\u00f3n particip\u00f3 en dos importantes creaciones audiovisuales con modelado t\u00e9cnico digital\"}]},{\"@type\":\"WebSite\",\"@id\":\"https:\\\/\\\/cmas.udd.cl\\\/#website\",\"url\":\"https:\\\/\\\/cmas.udd.cl\\\/\",\"name\":\"C+\",\"description\":\"Centro Investigaci\u00f3n enTecnolog\u00edas para la Sociedad\",\"publisher\":{\"@id\":\"https:\\\/\\\/cmas.udd.cl\\\/#organization\"},\"potentialAction\":[{\"@type\":\"SearchAction\",\"target\":{\"@type\":\"EntryPoint\",\"urlTemplate\":\"https:\\\/\\\/cmas.udd.cl\\\/?s={search_term_string}\"},\"query-input\":{\"@type\":\"PropertyValueSpecification\",\"valueRequired\":true,\"valueName\":\"search_term_string\"}}],\"inLanguage\":\"en-US\"},{\"@type\":\"Organization\",\"@id\":\"https:\\\/\\\/cmas.udd.cl\\\/#organization\",\"name\":\"C+\",\"url\":\"https:\\\/\\\/cmas.udd.cl\\\/\",\"logo\":{\"@type\":\"ImageObject\",\"inLanguage\":\"en-US\",\"@id\":\"https:\\\/\\\/cmas.udd.cl\\\/#\\\/schema\\\/logo\\\/image\\\/\",\"url\":\"https:\\\/\\\/cmas.udd.cl\\\/wp-content\\\/uploads\\\/2023\\\/05\\\/Logo-compuesto-UDD-Cmas.png\",\"contentUrl\":\"https:\\\/\\\/cmas.udd.cl\\\/wp-content\\\/uploads\\\/2023\\\/05\\\/Logo-compuesto-UDD-Cmas.png\",\"width\":695,\"height\":72,\"caption\":\"C+\"},\"image\":{\"@id\":\"https:\\\/\\\/cmas.udd.cl\\\/#\\\/schema\\\/logo\\\/image\\\/\"}}]}<\/script>\n<!-- \/ Yoast SEO plugin. -->","yoast_head_json":{"title":"Investigador de la Direcci\u00f3n de Innovaci\u00f3n particip\u00f3 en dos importantes creaciones audiovisuales con modelado t\u00e9cnico digital - C+","robots":{"index":"index","follow":"follow","max-snippet":"max-snippet:-1","max-image-preview":"max-image-preview:large","max-video-preview":"max-video-preview:-1"},"canonical":"https:\/\/cmas.udd.cl\/en\/cplus_noticias\/investigador-de-la-direccion-de-innovacion-participo-en-dos-importantes-creaciones-audiovisuales-con-modelado-tecnico-digital\/","og_locale":"en_US","og_type":"article","og_title":"Investigador de la Direcci\u00f3n de Innovaci\u00f3n particip\u00f3 en dos importantes creaciones audiovisuales con modelado t\u00e9cnico digital - C+","og_url":"https:\/\/cmas.udd.cl\/en\/cplus_noticias\/investigador-de-la-direccion-de-innovacion-participo-en-dos-importantes-creaciones-audiovisuales-con-modelado-tecnico-digital\/","og_site_name":"C+","article_modified_time":"2023-02-21T03:00:28+00:00","og_image":[{"width":1024,"height":577,"url":"https:\/\/cmas.udd.cl\/wp-content\/uploads\/2023\/02\/mailing-2-1024x577-1.png","type":"image\/png"}],"twitter_card":"summary_large_image","schema":{"@context":"https:\/\/schema.org","@graph":[{"@type":"WebPage","@id":"https:\/\/cmas.udd.cl\/cplus_noticias\/investigador-de-la-direccion-de-innovacion-participo-en-dos-importantes-creaciones-audiovisuales-con-modelado-tecnico-digital\/","url":"https:\/\/cmas.udd.cl\/cplus_noticias\/investigador-de-la-direccion-de-innovacion-participo-en-dos-importantes-creaciones-audiovisuales-con-modelado-tecnico-digital\/","name":"Investigador de la Direcci\u00f3n de Innovaci\u00f3n particip\u00f3 en dos importantes creaciones audiovisuales con modelado t\u00e9cnico digital - C+","isPartOf":{"@id":"https:\/\/cmas.udd.cl\/#website"},"primaryImageOfPage":{"@id":"https:\/\/cmas.udd.cl\/cplus_noticias\/investigador-de-la-direccion-de-innovacion-participo-en-dos-importantes-creaciones-audiovisuales-con-modelado-tecnico-digital\/#primaryimage"},"image":{"@id":"https:\/\/cmas.udd.cl\/cplus_noticias\/investigador-de-la-direccion-de-innovacion-participo-en-dos-importantes-creaciones-audiovisuales-con-modelado-tecnico-digital\/#primaryimage"},"thumbnailUrl":"https:\/\/cmas.udd.cl\/wp-content\/uploads\/2023\/02\/mailing-2-1024x577-1.png","datePublished":"2021-08-23T02:58:00+00:00","dateModified":"2023-02-21T03:00:28+00:00","breadcrumb":{"@id":"https:\/\/cmas.udd.cl\/cplus_noticias\/investigador-de-la-direccion-de-innovacion-participo-en-dos-importantes-creaciones-audiovisuales-con-modelado-tecnico-digital\/#breadcrumb"},"inLanguage":"en-US","potentialAction":[{"@type":"ReadAction","target":["https:\/\/cmas.udd.cl\/cplus_noticias\/investigador-de-la-direccion-de-innovacion-participo-en-dos-importantes-creaciones-audiovisuales-con-modelado-tecnico-digital\/"]}]},{"@type":"ImageObject","inLanguage":"en-US","@id":"https:\/\/cmas.udd.cl\/cplus_noticias\/investigador-de-la-direccion-de-innovacion-participo-en-dos-importantes-creaciones-audiovisuales-con-modelado-tecnico-digital\/#primaryimage","url":"https:\/\/cmas.udd.cl\/wp-content\/uploads\/2023\/02\/mailing-2-1024x577-1.png","contentUrl":"https:\/\/cmas.udd.cl\/wp-content\/uploads\/2023\/02\/mailing-2-1024x577-1.png","width":1024,"height":577},{"@type":"BreadcrumbList","@id":"https:\/\/cmas.udd.cl\/cplus_noticias\/investigador-de-la-direccion-de-innovacion-participo-en-dos-importantes-creaciones-audiovisuales-con-modelado-tecnico-digital\/#breadcrumb","itemListElement":[{"@type":"ListItem","position":1,"name":"Home","item":"https:\/\/cmas.udd.cl\/"},{"@type":"ListItem","position":2,"name":"cplus_noticias","item":"https:\/\/cmas.udd.cl\/cplus_noticias\/"},{"@type":"ListItem","position":3,"name":"Investigador de la Direcci\u00f3n de Innovaci\u00f3n particip\u00f3 en dos importantes creaciones audiovisuales con modelado t\u00e9cnico digital"}]},{"@type":"WebSite","@id":"https:\/\/cmas.udd.cl\/#website","url":"https:\/\/cmas.udd.cl\/","name":"C+","description":"Centro Investigaci\u00f3n enTecnolog\u00edas para la Sociedad","publisher":{"@id":"https:\/\/cmas.udd.cl\/#organization"},"potentialAction":[{"@type":"SearchAction","target":{"@type":"EntryPoint","urlTemplate":"https:\/\/cmas.udd.cl\/?s={search_term_string}"},"query-input":{"@type":"PropertyValueSpecification","valueRequired":true,"valueName":"search_term_string"}}],"inLanguage":"en-US"},{"@type":"Organization","@id":"https:\/\/cmas.udd.cl\/#organization","name":"C+","url":"https:\/\/cmas.udd.cl\/","logo":{"@type":"ImageObject","inLanguage":"en-US","@id":"https:\/\/cmas.udd.cl\/#\/schema\/logo\/image\/","url":"https:\/\/cmas.udd.cl\/wp-content\/uploads\/2023\/05\/Logo-compuesto-UDD-Cmas.png","contentUrl":"https:\/\/cmas.udd.cl\/wp-content\/uploads\/2023\/05\/Logo-compuesto-UDD-Cmas.png","width":695,"height":72,"caption":"C+"},"image":{"@id":"https:\/\/cmas.udd.cl\/#\/schema\/logo\/image\/"}}]}},"_links":{"self":[{"href":"https:\/\/cmas.udd.cl\/en\/wp-json\/wp\/v2\/cplus_noticias\/2188","targetHints":{"allow":["GET"]}}],"collection":[{"href":"https:\/\/cmas.udd.cl\/en\/wp-json\/wp\/v2\/cplus_noticias"}],"about":[{"href":"https:\/\/cmas.udd.cl\/en\/wp-json\/wp\/v2\/types\/cplus_noticias"}],"version-history":[{"count":0,"href":"https:\/\/cmas.udd.cl\/en\/wp-json\/wp\/v2\/cplus_noticias\/2188\/revisions"}],"wp:featuredmedia":[{"embeddable":true,"href":"https:\/\/cmas.udd.cl\/en\/wp-json\/wp\/v2\/media\/2191"}],"wp:attachment":[{"href":"https:\/\/cmas.udd.cl\/en\/wp-json\/wp\/v2\/media?parent=2188"}],"wp:term":[{"taxonomy":"taxo_noticias","embeddable":true,"href":"https:\/\/cmas.udd.cl\/en\/wp-json\/wp\/v2\/taxo_noticias?post=2188"},{"taxonomy":"grupo-de-investigacion","embeddable":true,"href":"https:\/\/cmas.udd.cl\/en\/wp-json\/wp\/v2\/grupo-de-investigacion?post=2188"}],"curies":[{"name":"wp","href":"https:\/\/api.w.org\/{rel}","templated":true}]}}