{"id":2108,"date":"2021-09-21T20:53:00","date_gmt":"2021-09-21T20:53:00","guid":{"rendered":"https:\/\/centrodeinvestigacioningenieria.udd.cl\/?post_type=cplus_noticias&#038;p=2108"},"modified":"2023-02-16T20:55:05","modified_gmt":"2023-02-16T20:55:05","slug":"reunion-de-investigacion-del-centro-c-divulgo-un-proyecto-que-apunta-a-la-inclusion-laboral-y-un-laboratorio-movil","status":"publish","type":"cplus_noticias","link":"https:\/\/cmas.udd.cl\/en\/cplus_noticias\/reunion-de-investigacion-del-centro-c-divulgo-un-proyecto-que-apunta-a-la-inclusion-laboral-y-un-laboratorio-movil\/","title":{"rendered":"Reuni\u00f3n de Investigaci\u00f3n del Centro C+ divulg\u00f3 un proyecto que apunta a la inclusi\u00f3n laboral y un Laboratorio M\u00f3vil"},"content":{"rendered":"<p>El Centro de Investigaci\u00f3n en Tecnolog\u00edas para la Sociedad (C+) perteneciente a la Direcci\u00f3n de Innovaci\u00f3n de la Facultad de Ingenier\u00eda UDD realiz\u00f3 una nueva jornada de las Reuniones de Investigaci\u00f3n 2021, evento que tiene por objetivo divulgar proyectos e iniciativas que impulsan investigadores del pa\u00eds.&nbsp;&nbsp;<\/p>\n\n\n\n<p>En la oportunidad, Camilo Rodr\u00edguez-Beltr\u00e1n, director de la Direcci\u00f3n Innovaci\u00f3n de la Facultad de Ingenier\u00eda UDD, difundi\u00f3 las principales novedades entre las que se destaca la participaci\u00f3n de Zo\u00eb Fleming, PhD, Investigadora asociada del Grupo de investigaci\u00f3n EnviroHealth Dynamic Systems de C+, en la Conferencia International Global&nbsp; atmospheric chemistry IGAC.<\/p>\n\n\n\n<p>Rodrigo Moreno, Fundador de Sofan, empresa B, invitado por el Grupo de investigaci\u00f3n Laboratorio de Accesibilidad, de C+ \u00abSofan: Comunicaciones e inclusi\u00f3n de personas con discapacidad\u00bb en la cual dio a conocer las acciones concretas de inclusi\u00f3n laboral, entre las cuales destacan los talleres online dirigido a 35 j\u00f3venes con discapacidad que comenzaron su proceso de formaci\u00f3n, quienes reciben capacitaciones en torno a desarrollo de habilidades socioemocionales.<\/p>\n\n\n\n<p>Posteriormente Carolina Robles, Investigadora Adjunta, Grupo de investigaci\u00f3n EnviroHealth, C+, Facultad de Ingenier\u00eda UDD, present\u00f3 el tema \u00abConsideraciones para la planificaci\u00f3n de un laboratorio m\u00f3vil para medir contaminaci\u00f3n de aire y agua\u00bb. Carolina Robles indic\u00f3 que entre los objetivos del Laboratorio M\u00f3vil C+ est\u00e1 el definir que se realizar\u00e1n con sus instrumentos de medici\u00f3n, definir la superficie de desplazamiento del veh\u00edculo, cuantificar espacios necesarios, revisar alternativas de veh\u00edculos y prestaciones que se requieren.<\/p>\n\n\n\n<p><strong>Reuni\u00f3n de Investigaci\u00f3n del Centro C+ divulg\u00f3 un proyecto que apunta a la inclusi\u00f3n laboral y un Laboratorio M\u00f3vil<\/strong>Las reuniones de investigaci\u00f3n 2021 se realizan todos los viernes de 10:30 a 11:30 horas v\u00eda Zoom. Para consultas e inscripciones escribe a&nbsp;<a href=\"mailto:innovacion.ing@udd.cl\">innovacion.ing@udd.cl<\/a>&nbsp;<\/p>","protected":false},"featured_media":2109,"template":"","taxo_noticias":[25],"grupo-de-investigacion":[],"class_list":["post-2108","cplus_noticias","type-cplus_noticias","status-publish","has-post-thumbnail","hentry","taxo_noticias-extremeenvironments"],"acf":[],"yoast_head":"<!-- This site is optimized with the Yoast SEO plugin v27.3 - https:\/\/yoast.com\/product\/yoast-seo-wordpress\/ -->\n<title>Reuni\u00f3n de Investigaci\u00f3n del Centro C+ divulg\u00f3 un proyecto que apunta a la inclusi\u00f3n laboral y un Laboratorio M\u00f3vil - C+<\/title>\n<meta name=\"robots\" content=\"index, follow, max-snippet:-1, max-image-preview:large, max-video-preview:-1\" \/>\n<link rel=\"canonical\" href=\"https:\/\/cmas.udd.cl\/en\/cplus_noticias\/reunion-de-investigacion-del-centro-c-divulgo-un-proyecto-que-apunta-a-la-inclusion-laboral-y-un-laboratorio-movil\/\" \/>\n<meta property=\"og:locale\" content=\"en_US\" \/>\n<meta property=\"og:type\" content=\"article\" \/>\n<meta property=\"og:title\" content=\"Reuni\u00f3n de Investigaci\u00f3n del Centro C+ divulg\u00f3 un proyecto que apunta a la inclusi\u00f3n laboral y un Laboratorio M\u00f3vil - C+\" \/>\n<meta property=\"og:description\" content=\"El Centro de Investigaci\u00f3n en Tecnolog\u00edas para la Sociedad (C+) perteneciente a la Direcci\u00f3n de Innovaci\u00f3n de la Facultad de Ingenier\u00eda UDD realiz\u00f3 una nueva jornada de las Reuniones de Investigaci\u00f3n 2021, evento que tiene por objetivo divulgar proyectos e iniciativas que impulsan investigadores del pa\u00eds.&nbsp;&nbsp; En la oportunidad, Camilo Rodr\u00edguez-Beltr\u00e1n, director de la Direcci\u00f3n [&hellip;]\" \/>\n<meta property=\"og:url\" content=\"https:\/\/cmas.udd.cl\/en\/cplus_noticias\/reunion-de-investigacion-del-centro-c-divulgo-un-proyecto-que-apunta-a-la-inclusion-laboral-y-un-laboratorio-movil\/\" \/>\n<meta property=\"og:site_name\" content=\"C+\" \/>\n<meta property=\"article:modified_time\" content=\"2023-02-16T20:55:05+00:00\" \/>\n<meta property=\"og:image\" content=\"https:\/\/cmas.udd.cl\/wp-content\/uploads\/2023\/02\/Captura-de-Pantalla-2021-09-24-a-las-09.11.43-680x382-1.png\" \/>\n\t<meta property=\"og:image:width\" content=\"680\" \/>\n\t<meta property=\"og:image:height\" content=\"382\" \/>\n\t<meta property=\"og:image:type\" content=\"image\/png\" \/>\n<meta name=\"twitter:card\" content=\"summary_large_image\" \/>\n<meta name=\"twitter:label1\" content=\"Est. reading time\" \/>\n\t<meta name=\"twitter:data1\" content=\"2 minutes\" \/>\n<script type=\"application\/ld+json\" class=\"yoast-schema-graph\">{\"@context\":\"https:\\\/\\\/schema.org\",\"@graph\":[{\"@type\":\"WebPage\",\"@id\":\"https:\\\/\\\/cmas.udd.cl\\\/cplus_noticias\\\/reunion-de-investigacion-del-centro-c-divulgo-un-proyecto-que-apunta-a-la-inclusion-laboral-y-un-laboratorio-movil\\\/\",\"url\":\"https:\\\/\\\/cmas.udd.cl\\\/cplus_noticias\\\/reunion-de-investigacion-del-centro-c-divulgo-un-proyecto-que-apunta-a-la-inclusion-laboral-y-un-laboratorio-movil\\\/\",\"name\":\"Reuni\u00f3n de Investigaci\u00f3n del Centro C+ divulg\u00f3 un proyecto que apunta a la inclusi\u00f3n laboral y un Laboratorio M\u00f3vil - C+\",\"isPartOf\":{\"@id\":\"https:\\\/\\\/cmas.udd.cl\\\/#website\"},\"primaryImageOfPage\":{\"@id\":\"https:\\\/\\\/cmas.udd.cl\\\/cplus_noticias\\\/reunion-de-investigacion-del-centro-c-divulgo-un-proyecto-que-apunta-a-la-inclusion-laboral-y-un-laboratorio-movil\\\/#primaryimage\"},\"image\":{\"@id\":\"https:\\\/\\\/cmas.udd.cl\\\/cplus_noticias\\\/reunion-de-investigacion-del-centro-c-divulgo-un-proyecto-que-apunta-a-la-inclusion-laboral-y-un-laboratorio-movil\\\/#primaryimage\"},\"thumbnailUrl\":\"https:\\\/\\\/cmas.udd.cl\\\/wp-content\\\/uploads\\\/2023\\\/02\\\/Captura-de-Pantalla-2021-09-24-a-las-09.11.43-680x382-1.png\",\"datePublished\":\"2021-09-21T20:53:00+00:00\",\"dateModified\":\"2023-02-16T20:55:05+00:00\",\"breadcrumb\":{\"@id\":\"https:\\\/\\\/cmas.udd.cl\\\/cplus_noticias\\\/reunion-de-investigacion-del-centro-c-divulgo-un-proyecto-que-apunta-a-la-inclusion-laboral-y-un-laboratorio-movil\\\/#breadcrumb\"},\"inLanguage\":\"en-US\",\"potentialAction\":[{\"@type\":\"ReadAction\",\"target\":[\"https:\\\/\\\/cmas.udd.cl\\\/cplus_noticias\\\/reunion-de-investigacion-del-centro-c-divulgo-un-proyecto-que-apunta-a-la-inclusion-laboral-y-un-laboratorio-movil\\\/\"]}]},{\"@type\":\"ImageObject\",\"inLanguage\":\"en-US\",\"@id\":\"https:\\\/\\\/cmas.udd.cl\\\/cplus_noticias\\\/reunion-de-investigacion-del-centro-c-divulgo-un-proyecto-que-apunta-a-la-inclusion-laboral-y-un-laboratorio-movil\\\/#primaryimage\",\"url\":\"https:\\\/\\\/cmas.udd.cl\\\/wp-content\\\/uploads\\\/2023\\\/02\\\/Captura-de-Pantalla-2021-09-24-a-las-09.11.43-680x382-1.png\",\"contentUrl\":\"https:\\\/\\\/cmas.udd.cl\\\/wp-content\\\/uploads\\\/2023\\\/02\\\/Captura-de-Pantalla-2021-09-24-a-las-09.11.43-680x382-1.png\",\"width\":680,\"height\":382},{\"@type\":\"BreadcrumbList\",\"@id\":\"https:\\\/\\\/cmas.udd.cl\\\/cplus_noticias\\\/reunion-de-investigacion-del-centro-c-divulgo-un-proyecto-que-apunta-a-la-inclusion-laboral-y-un-laboratorio-movil\\\/#breadcrumb\",\"itemListElement\":[{\"@type\":\"ListItem\",\"position\":1,\"name\":\"Home\",\"item\":\"https:\\\/\\\/cmas.udd.cl\\\/\"},{\"@type\":\"ListItem\",\"position\":2,\"name\":\"cplus_noticias\",\"item\":\"https:\\\/\\\/cmas.udd.cl\\\/cplus_noticias\\\/\"},{\"@type\":\"ListItem\",\"position\":3,\"name\":\"Reuni\u00f3n de Investigaci\u00f3n del Centro C+ divulg\u00f3 un proyecto que apunta a la inclusi\u00f3n laboral y un Laboratorio M\u00f3vil\"}]},{\"@type\":\"WebSite\",\"@id\":\"https:\\\/\\\/cmas.udd.cl\\\/#website\",\"url\":\"https:\\\/\\\/cmas.udd.cl\\\/\",\"name\":\"C+\",\"description\":\"Centro Investigaci\u00f3n enTecnolog\u00edas para la Sociedad\",\"publisher\":{\"@id\":\"https:\\\/\\\/cmas.udd.cl\\\/#organization\"},\"potentialAction\":[{\"@type\":\"SearchAction\",\"target\":{\"@type\":\"EntryPoint\",\"urlTemplate\":\"https:\\\/\\\/cmas.udd.cl\\\/?s={search_term_string}\"},\"query-input\":{\"@type\":\"PropertyValueSpecification\",\"valueRequired\":true,\"valueName\":\"search_term_string\"}}],\"inLanguage\":\"en-US\"},{\"@type\":\"Organization\",\"@id\":\"https:\\\/\\\/cmas.udd.cl\\\/#organization\",\"name\":\"C+\",\"url\":\"https:\\\/\\\/cmas.udd.cl\\\/\",\"logo\":{\"@type\":\"ImageObject\",\"inLanguage\":\"en-US\",\"@id\":\"https:\\\/\\\/cmas.udd.cl\\\/#\\\/schema\\\/logo\\\/image\\\/\",\"url\":\"https:\\\/\\\/cmas.udd.cl\\\/wp-content\\\/uploads\\\/2023\\\/05\\\/Logo-compuesto-UDD-Cmas.png\",\"contentUrl\":\"https:\\\/\\\/cmas.udd.cl\\\/wp-content\\\/uploads\\\/2023\\\/05\\\/Logo-compuesto-UDD-Cmas.png\",\"width\":695,\"height\":72,\"caption\":\"C+\"},\"image\":{\"@id\":\"https:\\\/\\\/cmas.udd.cl\\\/#\\\/schema\\\/logo\\\/image\\\/\"}}]}<\/script>\n<!-- \/ Yoast SEO plugin. -->","yoast_head_json":{"title":"Reuni\u00f3n de Investigaci\u00f3n del Centro C+ divulg\u00f3 un proyecto que apunta a la inclusi\u00f3n laboral y un Laboratorio M\u00f3vil - C+","robots":{"index":"index","follow":"follow","max-snippet":"max-snippet:-1","max-image-preview":"max-image-preview:large","max-video-preview":"max-video-preview:-1"},"canonical":"https:\/\/cmas.udd.cl\/en\/cplus_noticias\/reunion-de-investigacion-del-centro-c-divulgo-un-proyecto-que-apunta-a-la-inclusion-laboral-y-un-laboratorio-movil\/","og_locale":"en_US","og_type":"article","og_title":"Reuni\u00f3n de Investigaci\u00f3n del Centro C+ divulg\u00f3 un proyecto que apunta a la inclusi\u00f3n laboral y un Laboratorio M\u00f3vil - C+","og_description":"El Centro de Investigaci\u00f3n en Tecnolog\u00edas para la Sociedad (C+) perteneciente a la Direcci\u00f3n de Innovaci\u00f3n de la Facultad de Ingenier\u00eda UDD realiz\u00f3 una nueva jornada de las Reuniones de Investigaci\u00f3n 2021, evento que tiene por objetivo divulgar proyectos e iniciativas que impulsan investigadores del pa\u00eds.&nbsp;&nbsp; En la oportunidad, Camilo Rodr\u00edguez-Beltr\u00e1n, director de la Direcci\u00f3n [&hellip;]","og_url":"https:\/\/cmas.udd.cl\/en\/cplus_noticias\/reunion-de-investigacion-del-centro-c-divulgo-un-proyecto-que-apunta-a-la-inclusion-laboral-y-un-laboratorio-movil\/","og_site_name":"C+","article_modified_time":"2023-02-16T20:55:05+00:00","og_image":[{"width":680,"height":382,"url":"https:\/\/cmas.udd.cl\/wp-content\/uploads\/2023\/02\/Captura-de-Pantalla-2021-09-24-a-las-09.11.43-680x382-1.png","type":"image\/png"}],"twitter_card":"summary_large_image","twitter_misc":{"Est. reading time":"2 minutes"},"schema":{"@context":"https:\/\/schema.org","@graph":[{"@type":"WebPage","@id":"https:\/\/cmas.udd.cl\/cplus_noticias\/reunion-de-investigacion-del-centro-c-divulgo-un-proyecto-que-apunta-a-la-inclusion-laboral-y-un-laboratorio-movil\/","url":"https:\/\/cmas.udd.cl\/cplus_noticias\/reunion-de-investigacion-del-centro-c-divulgo-un-proyecto-que-apunta-a-la-inclusion-laboral-y-un-laboratorio-movil\/","name":"Reuni\u00f3n de Investigaci\u00f3n del Centro C+ divulg\u00f3 un proyecto que apunta a la inclusi\u00f3n laboral y un Laboratorio M\u00f3vil - C+","isPartOf":{"@id":"https:\/\/cmas.udd.cl\/#website"},"primaryImageOfPage":{"@id":"https:\/\/cmas.udd.cl\/cplus_noticias\/reunion-de-investigacion-del-centro-c-divulgo-un-proyecto-que-apunta-a-la-inclusion-laboral-y-un-laboratorio-movil\/#primaryimage"},"image":{"@id":"https:\/\/cmas.udd.cl\/cplus_noticias\/reunion-de-investigacion-del-centro-c-divulgo-un-proyecto-que-apunta-a-la-inclusion-laboral-y-un-laboratorio-movil\/#primaryimage"},"thumbnailUrl":"https:\/\/cmas.udd.cl\/wp-content\/uploads\/2023\/02\/Captura-de-Pantalla-2021-09-24-a-las-09.11.43-680x382-1.png","datePublished":"2021-09-21T20:53:00+00:00","dateModified":"2023-02-16T20:55:05+00:00","breadcrumb":{"@id":"https:\/\/cmas.udd.cl\/cplus_noticias\/reunion-de-investigacion-del-centro-c-divulgo-un-proyecto-que-apunta-a-la-inclusion-laboral-y-un-laboratorio-movil\/#breadcrumb"},"inLanguage":"en-US","potentialAction":[{"@type":"ReadAction","target":["https:\/\/cmas.udd.cl\/cplus_noticias\/reunion-de-investigacion-del-centro-c-divulgo-un-proyecto-que-apunta-a-la-inclusion-laboral-y-un-laboratorio-movil\/"]}]},{"@type":"ImageObject","inLanguage":"en-US","@id":"https:\/\/cmas.udd.cl\/cplus_noticias\/reunion-de-investigacion-del-centro-c-divulgo-un-proyecto-que-apunta-a-la-inclusion-laboral-y-un-laboratorio-movil\/#primaryimage","url":"https:\/\/cmas.udd.cl\/wp-content\/uploads\/2023\/02\/Captura-de-Pantalla-2021-09-24-a-las-09.11.43-680x382-1.png","contentUrl":"https:\/\/cmas.udd.cl\/wp-content\/uploads\/2023\/02\/Captura-de-Pantalla-2021-09-24-a-las-09.11.43-680x382-1.png","width":680,"height":382},{"@type":"BreadcrumbList","@id":"https:\/\/cmas.udd.cl\/cplus_noticias\/reunion-de-investigacion-del-centro-c-divulgo-un-proyecto-que-apunta-a-la-inclusion-laboral-y-un-laboratorio-movil\/#breadcrumb","itemListElement":[{"@type":"ListItem","position":1,"name":"Home","item":"https:\/\/cmas.udd.cl\/"},{"@type":"ListItem","position":2,"name":"cplus_noticias","item":"https:\/\/cmas.udd.cl\/cplus_noticias\/"},{"@type":"ListItem","position":3,"name":"Reuni\u00f3n de Investigaci\u00f3n del Centro C+ divulg\u00f3 un proyecto que apunta a la inclusi\u00f3n laboral y un Laboratorio M\u00f3vil"}]},{"@type":"WebSite","@id":"https:\/\/cmas.udd.cl\/#website","url":"https:\/\/cmas.udd.cl\/","name":"C+","description":"Centro Investigaci\u00f3n enTecnolog\u00edas para la Sociedad","publisher":{"@id":"https:\/\/cmas.udd.cl\/#organization"},"potentialAction":[{"@type":"SearchAction","target":{"@type":"EntryPoint","urlTemplate":"https:\/\/cmas.udd.cl\/?s={search_term_string}"},"query-input":{"@type":"PropertyValueSpecification","valueRequired":true,"valueName":"search_term_string"}}],"inLanguage":"en-US"},{"@type":"Organization","@id":"https:\/\/cmas.udd.cl\/#organization","name":"C+","url":"https:\/\/cmas.udd.cl\/","logo":{"@type":"ImageObject","inLanguage":"en-US","@id":"https:\/\/cmas.udd.cl\/#\/schema\/logo\/image\/","url":"https:\/\/cmas.udd.cl\/wp-content\/uploads\/2023\/05\/Logo-compuesto-UDD-Cmas.png","contentUrl":"https:\/\/cmas.udd.cl\/wp-content\/uploads\/2023\/05\/Logo-compuesto-UDD-Cmas.png","width":695,"height":72,"caption":"C+"},"image":{"@id":"https:\/\/cmas.udd.cl\/#\/schema\/logo\/image\/"}}]}},"_links":{"self":[{"href":"https:\/\/cmas.udd.cl\/en\/wp-json\/wp\/v2\/cplus_noticias\/2108","targetHints":{"allow":["GET"]}}],"collection":[{"href":"https:\/\/cmas.udd.cl\/en\/wp-json\/wp\/v2\/cplus_noticias"}],"about":[{"href":"https:\/\/cmas.udd.cl\/en\/wp-json\/wp\/v2\/types\/cplus_noticias"}],"version-history":[{"count":0,"href":"https:\/\/cmas.udd.cl\/en\/wp-json\/wp\/v2\/cplus_noticias\/2108\/revisions"}],"wp:featuredmedia":[{"embeddable":true,"href":"https:\/\/cmas.udd.cl\/en\/wp-json\/wp\/v2\/media\/2109"}],"wp:attachment":[{"href":"https:\/\/cmas.udd.cl\/en\/wp-json\/wp\/v2\/media?parent=2108"}],"wp:term":[{"taxonomy":"taxo_noticias","embeddable":true,"href":"https:\/\/cmas.udd.cl\/en\/wp-json\/wp\/v2\/taxo_noticias?post=2108"},{"taxonomy":"grupo-de-investigacion","embeddable":true,"href":"https:\/\/cmas.udd.cl\/en\/wp-json\/wp\/v2\/grupo-de-investigacion?post=2108"}],"curies":[{"name":"wp","href":"https:\/\/api.w.org\/{rel}","templated":true}]}}