{"id":2102,"date":"2022-12-23T20:42:00","date_gmt":"2022-12-23T20:42:00","guid":{"rendered":"https:\/\/centrodeinvestigacioningenieria.udd.cl\/?post_type=cplus_noticias&#038;p=2102"},"modified":"2023-02-16T20:44:55","modified_gmt":"2023-02-16T20:44:55","slug":"centro-de-investigacion-en-tecnologias-para-la-sociedad-c-recibe-dos-distinciones-en-premiacion-anual-de-icono-udd","status":"publish","type":"cplus_noticias","link":"https:\/\/cmas.udd.cl\/en\/cplus_noticias\/centro-de-investigacion-en-tecnologias-para-la-sociedad-c-recibe-dos-distinciones-en-premiacion-anual-de-icono-udd\/","title":{"rendered":"Centro de Investigaci\u00f3n en Tecnolog\u00edas para la Sociedad (C+) recibe dos distinciones en Premiaci\u00f3n Anual de iCono UDD"},"content":{"rendered":"<p>La Direcci\u00f3n de Transferencia Tecnol\u00f3gica realiz\u00f3 la \u201cCeremonia de Premiaci\u00f3n Anual iCono UDD\u201d, actividad en la cual la Facultad de Ingenier\u00eda fue reconocida en dos distinciones. La actividad ten\u00eda como objetivo reconocer a investigadores, instituciones, centros de investigaci\u00f3n y facultades, que con su trabajo contribuyeron a generar impacto en la sociedad, fomentando la comercializaci\u00f3n de activos protegidos por propiedad intelectual e industrial y fortaleciendo el ecosistema nacional de investigaci\u00f3n, desarrollo e innovaci\u00f3n (i + D + i).&nbsp;<\/p>\n\n\n\n<p>En el evento, tanto el Instituto de Data Science como el Centro de Investigaci\u00f3n en Tecnolog\u00edas para la Sociedad (C+) de Ingenier\u00eda fueron premiados en la categor\u00eda que distingu\u00eda a aquel Centro de Investigaci\u00f3n que durante el 2022 se vincul\u00f3 con mayor intensidad con la industria para la generaci\u00f3n de proyectos I+D+I, el que fue recibido por el decano de la Facultad de Ingenier\u00eda, Fernando Rojas, el director de la Direcci\u00f3n de Innovaci\u00f3n y C+, Camilo Rodr\u00edguez Beltr\u00e1n y Loreto Bravo, directora de Data Science.<\/p>\n\n\n\n<p>Por otra parte, Jos\u00e9 Ignacio Guzm\u00e1n, investigador del C+ y Camilo Rodr\u00edguez Beltr\u00e1n, fueron premiados en la categor\u00eda de \u201cPremio a la investigaci\u00f3n con Impacto UDD 2022\u201d, premio relacionado con el proyecto&nbsp; \u201cSimulador de Realidad Virtual para procedimientos quir\u00fargicos\u201d el cual cuenta, adem\u00e1s, con una solicitud de patente.<\/p>\n\n\n\n<p>En relaci\u00f3n a las diferentes categor\u00edas en que la Facultad de Ingenier\u00eda fue premiada, el decano Fernando Rojas, se\u00f1al\u00f3 que \u201cpara nuestra facultad es una alegr\u00eda enorme recibir estas distinciones, nuestros centros ya han recorrido un camino muy potente y nos alegra mucho que sea reconocido esto. Creemos que es un ejemplo para muchos de nuestros equipos y tambi\u00e9n para compartir buenas experiencias con otras \u00e1reas de la universidad\u201d.<\/p>\n\n\n\n<p>Por su parte, Camilo Rodr\u00edguez Beltr\u00e1n, sostuvo que \u201cesta experiencia ha sido todo un proceso, donde hemos tenido colaboraciones de la Direcci\u00f3n de Transferencia Tecnol\u00f3gica con la cual estamos tejiendo estos lazos de colaboraci\u00f3n, generaci\u00f3n de confianza y co-creaci\u00f3n de proyectos de investigaci\u00f3n que generen impacto en el sector productivo y al mismo tiempo recojan nuestros intereses de las \u00e1reas cient\u00edficas y tecnol\u00f3gicas\u201d.&nbsp;<\/p>\n\n\n\n<p>Respecto a la relaci\u00f3n que tuvieron los investigadores del C+ en el proyecto de realidad virtual e iCono UDD, Jos\u00e9 Ignacio Guzm\u00e1n, se\u00f1al\u00f3 que \u201cdesde iCono nos ayudaron constantemente a realizar postulaciones, nos permitieron avanzar y discutir con algunos usuarios sobre cu\u00e1les eran sus necesidades en el simulador hasta llegar a donde hoy estamos, cerca de realizar una transferencia tecnol\u00f3gica con una empresa e incluirlo en determinados centros de ense\u00f1anza\u201d.&nbsp;<\/p>\n\n\n\n<p>Por \u00faltimo, el director de Transferencia Tecnol\u00f3gica, Rodrigo del Canto, present\u00f3 una cuenta general sobre la gesti\u00f3n de la unidad durante el \u00faltimo a\u00f1o, algunas cifras relevantes, detalles de los proyectos que tuvieron resultados de transferencia tecnol\u00f3gica, entre otras cosas.&nbsp;<\/p>","protected":false},"featured_media":2107,"template":"","taxo_noticias":[26,28,30,25,74,27,29,31,75],"grupo-de-investigacion":[],"class_list":["post-2102","cplus_noticias","type-cplus_noticias","status-publish","has-post-thumbnail","hentry","taxo_noticias-envirohealth","taxo_noticias-extendedrealities","taxo_noticias-extremeaccess","taxo_noticias-extremeenvironments","taxo_noticias-mindfulmaking","taxo_noticias-modulardiagnostics","taxo_noticias-newmaterials","taxo_noticias-techpolicy","taxo_noticias-transformingfuture"],"acf":[],"yoast_head":"<!-- This site is optimized with the Yoast SEO plugin v27.3 - https:\/\/yoast.com\/product\/yoast-seo-wordpress\/ -->\n<title>Centro de Investigaci\u00f3n en Tecnolog\u00edas para la Sociedad (C+) recibe dos distinciones en Premiaci\u00f3n Anual de iCono UDD - C+<\/title>\n<meta name=\"robots\" content=\"index, follow, max-snippet:-1, max-image-preview:large, max-video-preview:-1\" \/>\n<link rel=\"canonical\" href=\"https:\/\/cmas.udd.cl\/en\/cplus_noticias\/centro-de-investigacion-en-tecnologias-para-la-sociedad-c-recibe-dos-distinciones-en-premiacion-anual-de-icono-udd\/\" \/>\n<meta property=\"og:locale\" content=\"en_US\" \/>\n<meta property=\"og:type\" content=\"article\" \/>\n<meta property=\"og:title\" content=\"Centro de Investigaci\u00f3n en Tecnolog\u00edas para la Sociedad (C+) recibe dos distinciones en Premiaci\u00f3n Anual de iCono UDD - C+\" \/>\n<meta property=\"og:description\" content=\"La Direcci\u00f3n de Transferencia Tecnol\u00f3gica realiz\u00f3 la \u201cCeremonia de Premiaci\u00f3n Anual iCono UDD\u201d, actividad en la cual la Facultad de Ingenier\u00eda fue reconocida en dos distinciones. La actividad ten\u00eda como objetivo reconocer a investigadores, instituciones, centros de investigaci\u00f3n y facultades, que con su trabajo contribuyeron a generar impacto en la sociedad, fomentando la comercializaci\u00f3n de [&hellip;]\" \/>\n<meta property=\"og:url\" content=\"https:\/\/cmas.udd.cl\/en\/cplus_noticias\/centro-de-investigacion-en-tecnologias-para-la-sociedad-c-recibe-dos-distinciones-en-premiacion-anual-de-icono-udd\/\" \/>\n<meta property=\"og:site_name\" content=\"C+\" \/>\n<meta property=\"article:modified_time\" content=\"2023-02-16T20:44:55+00:00\" \/>\n<meta property=\"og:image\" content=\"https:\/\/cmas.udd.cl\/wp-content\/uploads\/2023\/02\/dsc_1511-1024x681-1.jpg\" \/>\n\t<meta property=\"og:image:width\" content=\"1024\" \/>\n\t<meta property=\"og:image:height\" content=\"681\" \/>\n\t<meta property=\"og:image:type\" content=\"image\/jpeg\" \/>\n<meta name=\"twitter:card\" content=\"summary_large_image\" \/>\n<meta name=\"twitter:label1\" content=\"Est. reading time\" \/>\n\t<meta name=\"twitter:data1\" content=\"2 minutes\" \/>\n<script type=\"application\/ld+json\" class=\"yoast-schema-graph\">{\"@context\":\"https:\\\/\\\/schema.org\",\"@graph\":[{\"@type\":\"WebPage\",\"@id\":\"https:\\\/\\\/cmas.udd.cl\\\/cplus_noticias\\\/centro-de-investigacion-en-tecnologias-para-la-sociedad-c-recibe-dos-distinciones-en-premiacion-anual-de-icono-udd\\\/\",\"url\":\"https:\\\/\\\/cmas.udd.cl\\\/cplus_noticias\\\/centro-de-investigacion-en-tecnologias-para-la-sociedad-c-recibe-dos-distinciones-en-premiacion-anual-de-icono-udd\\\/\",\"name\":\"Centro de Investigaci\u00f3n en Tecnolog\u00edas para la Sociedad (C+) recibe dos distinciones en Premiaci\u00f3n Anual de iCono UDD - C+\",\"isPartOf\":{\"@id\":\"https:\\\/\\\/cmas.udd.cl\\\/#website\"},\"primaryImageOfPage\":{\"@id\":\"https:\\\/\\\/cmas.udd.cl\\\/cplus_noticias\\\/centro-de-investigacion-en-tecnologias-para-la-sociedad-c-recibe-dos-distinciones-en-premiacion-anual-de-icono-udd\\\/#primaryimage\"},\"image\":{\"@id\":\"https:\\\/\\\/cmas.udd.cl\\\/cplus_noticias\\\/centro-de-investigacion-en-tecnologias-para-la-sociedad-c-recibe-dos-distinciones-en-premiacion-anual-de-icono-udd\\\/#primaryimage\"},\"thumbnailUrl\":\"https:\\\/\\\/cmas.udd.cl\\\/wp-content\\\/uploads\\\/2023\\\/02\\\/dsc_1511-1024x681-1.jpg\",\"datePublished\":\"2022-12-23T20:42:00+00:00\",\"dateModified\":\"2023-02-16T20:44:55+00:00\",\"breadcrumb\":{\"@id\":\"https:\\\/\\\/cmas.udd.cl\\\/cplus_noticias\\\/centro-de-investigacion-en-tecnologias-para-la-sociedad-c-recibe-dos-distinciones-en-premiacion-anual-de-icono-udd\\\/#breadcrumb\"},\"inLanguage\":\"en-US\",\"potentialAction\":[{\"@type\":\"ReadAction\",\"target\":[\"https:\\\/\\\/cmas.udd.cl\\\/cplus_noticias\\\/centro-de-investigacion-en-tecnologias-para-la-sociedad-c-recibe-dos-distinciones-en-premiacion-anual-de-icono-udd\\\/\"]}]},{\"@type\":\"ImageObject\",\"inLanguage\":\"en-US\",\"@id\":\"https:\\\/\\\/cmas.udd.cl\\\/cplus_noticias\\\/centro-de-investigacion-en-tecnologias-para-la-sociedad-c-recibe-dos-distinciones-en-premiacion-anual-de-icono-udd\\\/#primaryimage\",\"url\":\"https:\\\/\\\/cmas.udd.cl\\\/wp-content\\\/uploads\\\/2023\\\/02\\\/dsc_1511-1024x681-1.jpg\",\"contentUrl\":\"https:\\\/\\\/cmas.udd.cl\\\/wp-content\\\/uploads\\\/2023\\\/02\\\/dsc_1511-1024x681-1.jpg\",\"width\":1024,\"height\":681},{\"@type\":\"BreadcrumbList\",\"@id\":\"https:\\\/\\\/cmas.udd.cl\\\/cplus_noticias\\\/centro-de-investigacion-en-tecnologias-para-la-sociedad-c-recibe-dos-distinciones-en-premiacion-anual-de-icono-udd\\\/#breadcrumb\",\"itemListElement\":[{\"@type\":\"ListItem\",\"position\":1,\"name\":\"Home\",\"item\":\"https:\\\/\\\/cmas.udd.cl\\\/\"},{\"@type\":\"ListItem\",\"position\":2,\"name\":\"cplus_noticias\",\"item\":\"https:\\\/\\\/cmas.udd.cl\\\/cplus_noticias\\\/\"},{\"@type\":\"ListItem\",\"position\":3,\"name\":\"Centro de Investigaci\u00f3n en Tecnolog\u00edas para la Sociedad (C+) recibe dos distinciones en Premiaci\u00f3n Anual de iCono UDD\"}]},{\"@type\":\"WebSite\",\"@id\":\"https:\\\/\\\/cmas.udd.cl\\\/#website\",\"url\":\"https:\\\/\\\/cmas.udd.cl\\\/\",\"name\":\"C+\",\"description\":\"Centro Investigaci\u00f3n enTecnolog\u00edas para la Sociedad\",\"publisher\":{\"@id\":\"https:\\\/\\\/cmas.udd.cl\\\/#organization\"},\"potentialAction\":[{\"@type\":\"SearchAction\",\"target\":{\"@type\":\"EntryPoint\",\"urlTemplate\":\"https:\\\/\\\/cmas.udd.cl\\\/?s={search_term_string}\"},\"query-input\":{\"@type\":\"PropertyValueSpecification\",\"valueRequired\":true,\"valueName\":\"search_term_string\"}}],\"inLanguage\":\"en-US\"},{\"@type\":\"Organization\",\"@id\":\"https:\\\/\\\/cmas.udd.cl\\\/#organization\",\"name\":\"C+\",\"url\":\"https:\\\/\\\/cmas.udd.cl\\\/\",\"logo\":{\"@type\":\"ImageObject\",\"inLanguage\":\"en-US\",\"@id\":\"https:\\\/\\\/cmas.udd.cl\\\/#\\\/schema\\\/logo\\\/image\\\/\",\"url\":\"https:\\\/\\\/cmas.udd.cl\\\/wp-content\\\/uploads\\\/2023\\\/05\\\/Logo-compuesto-UDD-Cmas.png\",\"contentUrl\":\"https:\\\/\\\/cmas.udd.cl\\\/wp-content\\\/uploads\\\/2023\\\/05\\\/Logo-compuesto-UDD-Cmas.png\",\"width\":695,\"height\":72,\"caption\":\"C+\"},\"image\":{\"@id\":\"https:\\\/\\\/cmas.udd.cl\\\/#\\\/schema\\\/logo\\\/image\\\/\"}}]}<\/script>\n<!-- \/ Yoast SEO plugin. -->","yoast_head_json":{"title":"Centro de Investigaci\u00f3n en Tecnolog\u00edas para la Sociedad (C+) recibe dos distinciones en Premiaci\u00f3n Anual de iCono UDD - C+","robots":{"index":"index","follow":"follow","max-snippet":"max-snippet:-1","max-image-preview":"max-image-preview:large","max-video-preview":"max-video-preview:-1"},"canonical":"https:\/\/cmas.udd.cl\/en\/cplus_noticias\/centro-de-investigacion-en-tecnologias-para-la-sociedad-c-recibe-dos-distinciones-en-premiacion-anual-de-icono-udd\/","og_locale":"en_US","og_type":"article","og_title":"Centro de Investigaci\u00f3n en Tecnolog\u00edas para la Sociedad (C+) recibe dos distinciones en Premiaci\u00f3n Anual de iCono UDD - C+","og_description":"La Direcci\u00f3n de Transferencia Tecnol\u00f3gica realiz\u00f3 la \u201cCeremonia de Premiaci\u00f3n Anual iCono UDD\u201d, actividad en la cual la Facultad de Ingenier\u00eda fue reconocida en dos distinciones. La actividad ten\u00eda como objetivo reconocer a investigadores, instituciones, centros de investigaci\u00f3n y facultades, que con su trabajo contribuyeron a generar impacto en la sociedad, fomentando la comercializaci\u00f3n de [&hellip;]","og_url":"https:\/\/cmas.udd.cl\/en\/cplus_noticias\/centro-de-investigacion-en-tecnologias-para-la-sociedad-c-recibe-dos-distinciones-en-premiacion-anual-de-icono-udd\/","og_site_name":"C+","article_modified_time":"2023-02-16T20:44:55+00:00","og_image":[{"width":1024,"height":681,"url":"https:\/\/cmas.udd.cl\/wp-content\/uploads\/2023\/02\/dsc_1511-1024x681-1.jpg","type":"image\/jpeg"}],"twitter_card":"summary_large_image","twitter_misc":{"Est. reading time":"2 minutes"},"schema":{"@context":"https:\/\/schema.org","@graph":[{"@type":"WebPage","@id":"https:\/\/cmas.udd.cl\/cplus_noticias\/centro-de-investigacion-en-tecnologias-para-la-sociedad-c-recibe-dos-distinciones-en-premiacion-anual-de-icono-udd\/","url":"https:\/\/cmas.udd.cl\/cplus_noticias\/centro-de-investigacion-en-tecnologias-para-la-sociedad-c-recibe-dos-distinciones-en-premiacion-anual-de-icono-udd\/","name":"Centro de Investigaci\u00f3n en Tecnolog\u00edas para la Sociedad (C+) recibe dos distinciones en Premiaci\u00f3n Anual de iCono UDD - C+","isPartOf":{"@id":"https:\/\/cmas.udd.cl\/#website"},"primaryImageOfPage":{"@id":"https:\/\/cmas.udd.cl\/cplus_noticias\/centro-de-investigacion-en-tecnologias-para-la-sociedad-c-recibe-dos-distinciones-en-premiacion-anual-de-icono-udd\/#primaryimage"},"image":{"@id":"https:\/\/cmas.udd.cl\/cplus_noticias\/centro-de-investigacion-en-tecnologias-para-la-sociedad-c-recibe-dos-distinciones-en-premiacion-anual-de-icono-udd\/#primaryimage"},"thumbnailUrl":"https:\/\/cmas.udd.cl\/wp-content\/uploads\/2023\/02\/dsc_1511-1024x681-1.jpg","datePublished":"2022-12-23T20:42:00+00:00","dateModified":"2023-02-16T20:44:55+00:00","breadcrumb":{"@id":"https:\/\/cmas.udd.cl\/cplus_noticias\/centro-de-investigacion-en-tecnologias-para-la-sociedad-c-recibe-dos-distinciones-en-premiacion-anual-de-icono-udd\/#breadcrumb"},"inLanguage":"en-US","potentialAction":[{"@type":"ReadAction","target":["https:\/\/cmas.udd.cl\/cplus_noticias\/centro-de-investigacion-en-tecnologias-para-la-sociedad-c-recibe-dos-distinciones-en-premiacion-anual-de-icono-udd\/"]}]},{"@type":"ImageObject","inLanguage":"en-US","@id":"https:\/\/cmas.udd.cl\/cplus_noticias\/centro-de-investigacion-en-tecnologias-para-la-sociedad-c-recibe-dos-distinciones-en-premiacion-anual-de-icono-udd\/#primaryimage","url":"https:\/\/cmas.udd.cl\/wp-content\/uploads\/2023\/02\/dsc_1511-1024x681-1.jpg","contentUrl":"https:\/\/cmas.udd.cl\/wp-content\/uploads\/2023\/02\/dsc_1511-1024x681-1.jpg","width":1024,"height":681},{"@type":"BreadcrumbList","@id":"https:\/\/cmas.udd.cl\/cplus_noticias\/centro-de-investigacion-en-tecnologias-para-la-sociedad-c-recibe-dos-distinciones-en-premiacion-anual-de-icono-udd\/#breadcrumb","itemListElement":[{"@type":"ListItem","position":1,"name":"Home","item":"https:\/\/cmas.udd.cl\/"},{"@type":"ListItem","position":2,"name":"cplus_noticias","item":"https:\/\/cmas.udd.cl\/cplus_noticias\/"},{"@type":"ListItem","position":3,"name":"Centro de Investigaci\u00f3n en Tecnolog\u00edas para la Sociedad (C+) recibe dos distinciones en Premiaci\u00f3n Anual de iCono UDD"}]},{"@type":"WebSite","@id":"https:\/\/cmas.udd.cl\/#website","url":"https:\/\/cmas.udd.cl\/","name":"C+","description":"Centro Investigaci\u00f3n enTecnolog\u00edas para la Sociedad","publisher":{"@id":"https:\/\/cmas.udd.cl\/#organization"},"potentialAction":[{"@type":"SearchAction","target":{"@type":"EntryPoint","urlTemplate":"https:\/\/cmas.udd.cl\/?s={search_term_string}"},"query-input":{"@type":"PropertyValueSpecification","valueRequired":true,"valueName":"search_term_string"}}],"inLanguage":"en-US"},{"@type":"Organization","@id":"https:\/\/cmas.udd.cl\/#organization","name":"C+","url":"https:\/\/cmas.udd.cl\/","logo":{"@type":"ImageObject","inLanguage":"en-US","@id":"https:\/\/cmas.udd.cl\/#\/schema\/logo\/image\/","url":"https:\/\/cmas.udd.cl\/wp-content\/uploads\/2023\/05\/Logo-compuesto-UDD-Cmas.png","contentUrl":"https:\/\/cmas.udd.cl\/wp-content\/uploads\/2023\/05\/Logo-compuesto-UDD-Cmas.png","width":695,"height":72,"caption":"C+"},"image":{"@id":"https:\/\/cmas.udd.cl\/#\/schema\/logo\/image\/"}}]}},"_links":{"self":[{"href":"https:\/\/cmas.udd.cl\/en\/wp-json\/wp\/v2\/cplus_noticias\/2102","targetHints":{"allow":["GET"]}}],"collection":[{"href":"https:\/\/cmas.udd.cl\/en\/wp-json\/wp\/v2\/cplus_noticias"}],"about":[{"href":"https:\/\/cmas.udd.cl\/en\/wp-json\/wp\/v2\/types\/cplus_noticias"}],"version-history":[{"count":0,"href":"https:\/\/cmas.udd.cl\/en\/wp-json\/wp\/v2\/cplus_noticias\/2102\/revisions"}],"wp:featuredmedia":[{"embeddable":true,"href":"https:\/\/cmas.udd.cl\/en\/wp-json\/wp\/v2\/media\/2107"}],"wp:attachment":[{"href":"https:\/\/cmas.udd.cl\/en\/wp-json\/wp\/v2\/media?parent=2102"}],"wp:term":[{"taxonomy":"taxo_noticias","embeddable":true,"href":"https:\/\/cmas.udd.cl\/en\/wp-json\/wp\/v2\/taxo_noticias?post=2102"},{"taxonomy":"grupo-de-investigacion","embeddable":true,"href":"https:\/\/cmas.udd.cl\/en\/wp-json\/wp\/v2\/grupo-de-investigacion?post=2102"}],"curies":[{"name":"wp","href":"https:\/\/api.w.org\/{rel}","templated":true}]}}