{"id":2091,"date":"2023-01-05T19:17:00","date_gmt":"2023-01-05T19:17:00","guid":{"rendered":"https:\/\/centrodeinvestigacioningenieria.udd.cl\/?post_type=cplus_noticias&#038;p=2091"},"modified":"2023-02-16T20:35:55","modified_gmt":"2023-02-16T20:35:55","slug":"grupo-extreme-environments-del-c-se-adjudica-fondo-anid-para-estudio-de-salares-andinos","status":"publish","type":"cplus_noticias","link":"https:\/\/cmas.udd.cl\/en\/cplus_noticias\/grupo-extreme-environments-del-c-se-adjudica-fondo-anid-para-estudio-de-salares-andinos\/","title":{"rendered":"Grupo Extreme Environments del C+ se adjudica Fondo ANID para estudio de Salares Andinos"},"content":{"rendered":"<p>El Grupo de Extreme Environments, del Grupo de Investigaci\u00f3n en Tecnolog\u00edas para la Sociedad (C+) se adjudic\u00f3 un Fondo de la Agencia Nacional de Investigaci\u00f3n y Desarrollo (ANID) por el proyecto \u201cMASA: Metales Alcalinos en Salares Andinos\u201d.&nbsp;<\/p>\n\n\n\n<p>El proyecto busca fortalecer la vinculaci\u00f3n internacional con investigadores del Instituto LAMIR, de la Universidad Federal de Paran\u00e1 en Brasil, con quienes se ha estado trabajando hace cinco a\u00f1os en el estudio del registro mineral y paleoambiental en lagunas alcalinas ubicadas en la Patagonia austral. Para el proyecto MASA, en particular, el enfoque estar\u00e1 orientado al estudio de la naturaleza mineral y microbiol\u00f3gica existente en las costras salinas en el Salar de Maricunga, uno de los salares m\u00e1s australes del mundo ubicado en la Regi\u00f3n de Atacama.<\/p>\n\n\n\n<p>Cabe destacar, que el estudio de las costras salinas permite entender los procesos de precipitaci\u00f3n mineral asociado a la evaporaci\u00f3n de salmueras (agua con gran concentraci\u00f3n de sales y metales alcalinos) que formaron parte del cuerpo de agua del salar. Lo anterior, permitir\u00e1 aproximarse a la composici\u00f3n de las salmueras que estaban en el pasado, adem\u00e1s de reconocer el nivel de concentraci\u00f3n de metales alcalinos existentes, como lo son el&nbsp; Litio y el Potasio, que son estrat\u00e9gicos para la descarbonizaci\u00f3n global.&nbsp;<\/p>\n\n\n\n<p>Por otra parte, la investigaci\u00f3n tambi\u00e9n contempla un estudio exploratorio de microbiolog\u00eda que permita evaluar la participaci\u00f3n de procesos biogeoqu\u00edmicos en la precipitaci\u00f3n de minerales en estos ambientes. Los estudios que ser\u00e1n realizados, en su conjunto, brindar\u00e1n una base s\u00f3lida para comprender la naturaleza y evoluci\u00f3n de ambientes naturales desarrollados en condiciones extremas, contribuyendo tambi\u00e9n a su cuidado y preservaci\u00f3n.&nbsp;&nbsp;<\/p>\n\n\n\n<p>Mauricio Calder\u00f3n, investigador principal del Grupo de Investigaci\u00f3n Extreme Environments del C+, sostuvo que \u201ceste fondo nos va a permitir continuar con la colaboraci\u00f3n internacional con un grupo de investigadores que disponen de instrumentaci\u00f3n anal\u00edtica de \u00faltima generaci\u00f3n, en algunos casos, inexistente en Chile. En esta etapa se suman investigadores de la Universidad de Atacama y de la Universidad Andr\u00e9s Bello y se busca consolidar actividades de trabajos en terreno y laboratorio, fomentando la participaci\u00f3n de estudiantes de mag\u00edster y pregrado en diferentes etapas de los estudios. Es parte del compromiso trabajar con las comunidades del salar, promoviendo la autonom\u00eda que estas deben tener al momento de realizar monitoreos ambientales. En resumen, estamos muy contentos por el apoyo brindado por ANID que permite impulsar este tipo de investigaciones\u201d.&nbsp;<\/p>\n\n\n\n<p>Se espera que los resultados de esta investigaci\u00f3n sean considerados para ser publicados en revistas especializadas y divulgados en comunidades escolares y universitarias con el objetivo de que la sociedad se informe acerca de la investigaci\u00f3n en ambientes extremos.&nbsp;<\/p>","protected":false},"featured_media":2093,"template":"","taxo_noticias":[25],"grupo-de-investigacion":[],"class_list":["post-2091","cplus_noticias","type-cplus_noticias","status-publish","has-post-thumbnail","hentry","taxo_noticias-extremeenvironments"],"acf":[],"yoast_head":"<!-- This site is optimized with the Yoast SEO plugin v27.3 - https:\/\/yoast.com\/product\/yoast-seo-wordpress\/ -->\n<title>Grupo Extreme Environments del C+ se adjudica Fondo ANID para estudio de Salares Andinos - C+<\/title>\n<meta name=\"robots\" content=\"index, follow, max-snippet:-1, max-image-preview:large, max-video-preview:-1\" \/>\n<link rel=\"canonical\" href=\"https:\/\/cmas.udd.cl\/en\/cplus_noticias\/grupo-extreme-environments-del-c-se-adjudica-fondo-anid-para-estudio-de-salares-andinos\/\" \/>\n<meta property=\"og:locale\" content=\"en_US\" \/>\n<meta property=\"og:type\" content=\"article\" \/>\n<meta property=\"og:title\" content=\"Grupo Extreme Environments del C+ se adjudica Fondo ANID para estudio de Salares Andinos - C+\" \/>\n<meta property=\"og:description\" content=\"El Grupo de Extreme Environments, del Grupo de Investigaci\u00f3n en Tecnolog\u00edas para la Sociedad (C+) se adjudic\u00f3 un Fondo de la Agencia Nacional de Investigaci\u00f3n y Desarrollo (ANID) por el proyecto \u201cMASA: Metales Alcalinos en Salares Andinos\u201d.&nbsp; El proyecto busca fortalecer la vinculaci\u00f3n internacional con investigadores del Instituto LAMIR, de la Universidad Federal de Paran\u00e1 [&hellip;]\" \/>\n<meta property=\"og:url\" content=\"https:\/\/cmas.udd.cl\/en\/cplus_noticias\/grupo-extreme-environments-del-c-se-adjudica-fondo-anid-para-estudio-de-salares-andinos\/\" \/>\n<meta property=\"og:site_name\" content=\"C+\" \/>\n<meta property=\"article:modified_time\" content=\"2023-02-16T20:35:55+00:00\" \/>\n<meta property=\"og:image\" content=\"https:\/\/cmas.udd.cl\/wp-content\/uploads\/2023\/02\/whatsapp-image-2023-01-05-at-15-34-11-1024x576-1.jpeg\" \/>\n\t<meta property=\"og:image:width\" content=\"1024\" \/>\n\t<meta property=\"og:image:height\" content=\"576\" \/>\n\t<meta property=\"og:image:type\" content=\"image\/jpeg\" \/>\n<meta name=\"twitter:card\" content=\"summary_large_image\" \/>\n<meta name=\"twitter:label1\" content=\"Est. reading time\" \/>\n\t<meta name=\"twitter:data1\" content=\"2 minutes\" \/>\n<script type=\"application\/ld+json\" class=\"yoast-schema-graph\">{\"@context\":\"https:\\\/\\\/schema.org\",\"@graph\":[{\"@type\":\"WebPage\",\"@id\":\"https:\\\/\\\/cmas.udd.cl\\\/cplus_noticias\\\/grupo-extreme-environments-del-c-se-adjudica-fondo-anid-para-estudio-de-salares-andinos\\\/\",\"url\":\"https:\\\/\\\/cmas.udd.cl\\\/cplus_noticias\\\/grupo-extreme-environments-del-c-se-adjudica-fondo-anid-para-estudio-de-salares-andinos\\\/\",\"name\":\"Grupo Extreme Environments del C+ se adjudica Fondo ANID para estudio de Salares Andinos - C+\",\"isPartOf\":{\"@id\":\"https:\\\/\\\/cmas.udd.cl\\\/#website\"},\"primaryImageOfPage\":{\"@id\":\"https:\\\/\\\/cmas.udd.cl\\\/cplus_noticias\\\/grupo-extreme-environments-del-c-se-adjudica-fondo-anid-para-estudio-de-salares-andinos\\\/#primaryimage\"},\"image\":{\"@id\":\"https:\\\/\\\/cmas.udd.cl\\\/cplus_noticias\\\/grupo-extreme-environments-del-c-se-adjudica-fondo-anid-para-estudio-de-salares-andinos\\\/#primaryimage\"},\"thumbnailUrl\":\"https:\\\/\\\/cmas.udd.cl\\\/wp-content\\\/uploads\\\/2023\\\/02\\\/whatsapp-image-2023-01-05-at-15-34-11-1024x576-1.jpeg\",\"datePublished\":\"2023-01-05T19:17:00+00:00\",\"dateModified\":\"2023-02-16T20:35:55+00:00\",\"breadcrumb\":{\"@id\":\"https:\\\/\\\/cmas.udd.cl\\\/cplus_noticias\\\/grupo-extreme-environments-del-c-se-adjudica-fondo-anid-para-estudio-de-salares-andinos\\\/#breadcrumb\"},\"inLanguage\":\"en-US\",\"potentialAction\":[{\"@type\":\"ReadAction\",\"target\":[\"https:\\\/\\\/cmas.udd.cl\\\/cplus_noticias\\\/grupo-extreme-environments-del-c-se-adjudica-fondo-anid-para-estudio-de-salares-andinos\\\/\"]}]},{\"@type\":\"ImageObject\",\"inLanguage\":\"en-US\",\"@id\":\"https:\\\/\\\/cmas.udd.cl\\\/cplus_noticias\\\/grupo-extreme-environments-del-c-se-adjudica-fondo-anid-para-estudio-de-salares-andinos\\\/#primaryimage\",\"url\":\"https:\\\/\\\/cmas.udd.cl\\\/wp-content\\\/uploads\\\/2023\\\/02\\\/whatsapp-image-2023-01-05-at-15-34-11-1024x576-1.jpeg\",\"contentUrl\":\"https:\\\/\\\/cmas.udd.cl\\\/wp-content\\\/uploads\\\/2023\\\/02\\\/whatsapp-image-2023-01-05-at-15-34-11-1024x576-1.jpeg\",\"width\":1024,\"height\":576},{\"@type\":\"BreadcrumbList\",\"@id\":\"https:\\\/\\\/cmas.udd.cl\\\/cplus_noticias\\\/grupo-extreme-environments-del-c-se-adjudica-fondo-anid-para-estudio-de-salares-andinos\\\/#breadcrumb\",\"itemListElement\":[{\"@type\":\"ListItem\",\"position\":1,\"name\":\"Home\",\"item\":\"https:\\\/\\\/cmas.udd.cl\\\/\"},{\"@type\":\"ListItem\",\"position\":2,\"name\":\"cplus_noticias\",\"item\":\"https:\\\/\\\/cmas.udd.cl\\\/cplus_noticias\\\/\"},{\"@type\":\"ListItem\",\"position\":3,\"name\":\"Grupo Extreme Environments del C+ se adjudica Fondo ANID para estudio de Salares Andinos\"}]},{\"@type\":\"WebSite\",\"@id\":\"https:\\\/\\\/cmas.udd.cl\\\/#website\",\"url\":\"https:\\\/\\\/cmas.udd.cl\\\/\",\"name\":\"C+\",\"description\":\"Centro Investigaci\u00f3n enTecnolog\u00edas para la Sociedad\",\"publisher\":{\"@id\":\"https:\\\/\\\/cmas.udd.cl\\\/#organization\"},\"potentialAction\":[{\"@type\":\"SearchAction\",\"target\":{\"@type\":\"EntryPoint\",\"urlTemplate\":\"https:\\\/\\\/cmas.udd.cl\\\/?s={search_term_string}\"},\"query-input\":{\"@type\":\"PropertyValueSpecification\",\"valueRequired\":true,\"valueName\":\"search_term_string\"}}],\"inLanguage\":\"en-US\"},{\"@type\":\"Organization\",\"@id\":\"https:\\\/\\\/cmas.udd.cl\\\/#organization\",\"name\":\"C+\",\"url\":\"https:\\\/\\\/cmas.udd.cl\\\/\",\"logo\":{\"@type\":\"ImageObject\",\"inLanguage\":\"en-US\",\"@id\":\"https:\\\/\\\/cmas.udd.cl\\\/#\\\/schema\\\/logo\\\/image\\\/\",\"url\":\"https:\\\/\\\/cmas.udd.cl\\\/wp-content\\\/uploads\\\/2023\\\/05\\\/Logo-compuesto-UDD-Cmas.png\",\"contentUrl\":\"https:\\\/\\\/cmas.udd.cl\\\/wp-content\\\/uploads\\\/2023\\\/05\\\/Logo-compuesto-UDD-Cmas.png\",\"width\":695,\"height\":72,\"caption\":\"C+\"},\"image\":{\"@id\":\"https:\\\/\\\/cmas.udd.cl\\\/#\\\/schema\\\/logo\\\/image\\\/\"}}]}<\/script>\n<!-- \/ Yoast SEO plugin. -->","yoast_head_json":{"title":"Grupo Extreme Environments del C+ se adjudica Fondo ANID para estudio de Salares Andinos - C+","robots":{"index":"index","follow":"follow","max-snippet":"max-snippet:-1","max-image-preview":"max-image-preview:large","max-video-preview":"max-video-preview:-1"},"canonical":"https:\/\/cmas.udd.cl\/en\/cplus_noticias\/grupo-extreme-environments-del-c-se-adjudica-fondo-anid-para-estudio-de-salares-andinos\/","og_locale":"en_US","og_type":"article","og_title":"Grupo Extreme Environments del C+ se adjudica Fondo ANID para estudio de Salares Andinos - C+","og_description":"El Grupo de Extreme Environments, del Grupo de Investigaci\u00f3n en Tecnolog\u00edas para la Sociedad (C+) se adjudic\u00f3 un Fondo de la Agencia Nacional de Investigaci\u00f3n y Desarrollo (ANID) por el proyecto \u201cMASA: Metales Alcalinos en Salares Andinos\u201d.&nbsp; El proyecto busca fortalecer la vinculaci\u00f3n internacional con investigadores del Instituto LAMIR, de la Universidad Federal de Paran\u00e1 [&hellip;]","og_url":"https:\/\/cmas.udd.cl\/en\/cplus_noticias\/grupo-extreme-environments-del-c-se-adjudica-fondo-anid-para-estudio-de-salares-andinos\/","og_site_name":"C+","article_modified_time":"2023-02-16T20:35:55+00:00","og_image":[{"width":1024,"height":576,"url":"https:\/\/cmas.udd.cl\/wp-content\/uploads\/2023\/02\/whatsapp-image-2023-01-05-at-15-34-11-1024x576-1.jpeg","type":"image\/jpeg"}],"twitter_card":"summary_large_image","twitter_misc":{"Est. reading time":"2 minutes"},"schema":{"@context":"https:\/\/schema.org","@graph":[{"@type":"WebPage","@id":"https:\/\/cmas.udd.cl\/cplus_noticias\/grupo-extreme-environments-del-c-se-adjudica-fondo-anid-para-estudio-de-salares-andinos\/","url":"https:\/\/cmas.udd.cl\/cplus_noticias\/grupo-extreme-environments-del-c-se-adjudica-fondo-anid-para-estudio-de-salares-andinos\/","name":"Grupo Extreme Environments del C+ se adjudica Fondo ANID para estudio de Salares Andinos - C+","isPartOf":{"@id":"https:\/\/cmas.udd.cl\/#website"},"primaryImageOfPage":{"@id":"https:\/\/cmas.udd.cl\/cplus_noticias\/grupo-extreme-environments-del-c-se-adjudica-fondo-anid-para-estudio-de-salares-andinos\/#primaryimage"},"image":{"@id":"https:\/\/cmas.udd.cl\/cplus_noticias\/grupo-extreme-environments-del-c-se-adjudica-fondo-anid-para-estudio-de-salares-andinos\/#primaryimage"},"thumbnailUrl":"https:\/\/cmas.udd.cl\/wp-content\/uploads\/2023\/02\/whatsapp-image-2023-01-05-at-15-34-11-1024x576-1.jpeg","datePublished":"2023-01-05T19:17:00+00:00","dateModified":"2023-02-16T20:35:55+00:00","breadcrumb":{"@id":"https:\/\/cmas.udd.cl\/cplus_noticias\/grupo-extreme-environments-del-c-se-adjudica-fondo-anid-para-estudio-de-salares-andinos\/#breadcrumb"},"inLanguage":"en-US","potentialAction":[{"@type":"ReadAction","target":["https:\/\/cmas.udd.cl\/cplus_noticias\/grupo-extreme-environments-del-c-se-adjudica-fondo-anid-para-estudio-de-salares-andinos\/"]}]},{"@type":"ImageObject","inLanguage":"en-US","@id":"https:\/\/cmas.udd.cl\/cplus_noticias\/grupo-extreme-environments-del-c-se-adjudica-fondo-anid-para-estudio-de-salares-andinos\/#primaryimage","url":"https:\/\/cmas.udd.cl\/wp-content\/uploads\/2023\/02\/whatsapp-image-2023-01-05-at-15-34-11-1024x576-1.jpeg","contentUrl":"https:\/\/cmas.udd.cl\/wp-content\/uploads\/2023\/02\/whatsapp-image-2023-01-05-at-15-34-11-1024x576-1.jpeg","width":1024,"height":576},{"@type":"BreadcrumbList","@id":"https:\/\/cmas.udd.cl\/cplus_noticias\/grupo-extreme-environments-del-c-se-adjudica-fondo-anid-para-estudio-de-salares-andinos\/#breadcrumb","itemListElement":[{"@type":"ListItem","position":1,"name":"Home","item":"https:\/\/cmas.udd.cl\/"},{"@type":"ListItem","position":2,"name":"cplus_noticias","item":"https:\/\/cmas.udd.cl\/cplus_noticias\/"},{"@type":"ListItem","position":3,"name":"Grupo Extreme Environments del C+ se adjudica Fondo ANID para estudio de Salares Andinos"}]},{"@type":"WebSite","@id":"https:\/\/cmas.udd.cl\/#website","url":"https:\/\/cmas.udd.cl\/","name":"C+","description":"Centro Investigaci\u00f3n enTecnolog\u00edas para la Sociedad","publisher":{"@id":"https:\/\/cmas.udd.cl\/#organization"},"potentialAction":[{"@type":"SearchAction","target":{"@type":"EntryPoint","urlTemplate":"https:\/\/cmas.udd.cl\/?s={search_term_string}"},"query-input":{"@type":"PropertyValueSpecification","valueRequired":true,"valueName":"search_term_string"}}],"inLanguage":"en-US"},{"@type":"Organization","@id":"https:\/\/cmas.udd.cl\/#organization","name":"C+","url":"https:\/\/cmas.udd.cl\/","logo":{"@type":"ImageObject","inLanguage":"en-US","@id":"https:\/\/cmas.udd.cl\/#\/schema\/logo\/image\/","url":"https:\/\/cmas.udd.cl\/wp-content\/uploads\/2023\/05\/Logo-compuesto-UDD-Cmas.png","contentUrl":"https:\/\/cmas.udd.cl\/wp-content\/uploads\/2023\/05\/Logo-compuesto-UDD-Cmas.png","width":695,"height":72,"caption":"C+"},"image":{"@id":"https:\/\/cmas.udd.cl\/#\/schema\/logo\/image\/"}}]}},"_links":{"self":[{"href":"https:\/\/cmas.udd.cl\/en\/wp-json\/wp\/v2\/cplus_noticias\/2091","targetHints":{"allow":["GET"]}}],"collection":[{"href":"https:\/\/cmas.udd.cl\/en\/wp-json\/wp\/v2\/cplus_noticias"}],"about":[{"href":"https:\/\/cmas.udd.cl\/en\/wp-json\/wp\/v2\/types\/cplus_noticias"}],"version-history":[{"count":0,"href":"https:\/\/cmas.udd.cl\/en\/wp-json\/wp\/v2\/cplus_noticias\/2091\/revisions"}],"wp:featuredmedia":[{"embeddable":true,"href":"https:\/\/cmas.udd.cl\/en\/wp-json\/wp\/v2\/media\/2093"}],"wp:attachment":[{"href":"https:\/\/cmas.udd.cl\/en\/wp-json\/wp\/v2\/media?parent=2091"}],"wp:term":[{"taxonomy":"taxo_noticias","embeddable":true,"href":"https:\/\/cmas.udd.cl\/en\/wp-json\/wp\/v2\/taxo_noticias?post=2091"},{"taxonomy":"grupo-de-investigacion","embeddable":true,"href":"https:\/\/cmas.udd.cl\/en\/wp-json\/wp\/v2\/grupo-de-investigacion?post=2091"}],"curies":[{"name":"wp","href":"https:\/\/api.w.org\/{rel}","templated":true}]}}