{"id":1400,"date":"2022-03-29T21:02:00","date_gmt":"2022-03-29T21:02:00","guid":{"rendered":"https:\/\/centrodeinvestigacioningenieria.udd.cl\/?post_type=cplus_noticias&#038;p=1400"},"modified":"2022-12-22T21:03:50","modified_gmt":"2022-12-22T21:03:50","slug":"investigador-del-c-de-la-direccion-de-innovacion-udd-realizo-charla-motivacional-a-alumnos-del-colegio-leonardo-da-vinci","status":"publish","type":"cplus_noticias","link":"https:\/\/cmas.udd.cl\/en\/cplus_noticias\/investigador-del-c-de-la-direccion-de-innovacion-udd-realizo-charla-motivacional-a-alumnos-del-colegio-leonardo-da-vinci\/","title":{"rendered":"Investigador del C+ de la Direcci\u00f3n de Innovaci\u00f3n UDD realiz\u00f3 charla motivacional a alumnos del Colegio Leonardo Da Vinci"},"content":{"rendered":"<p>El pasado viernes 25 de marzo, el investigador de los Grupos de Investigaci\u00f3n de Tecnolog\u00edas para la Sociedad (C+), perteneciente a la Direcci\u00f3n de Innovaci\u00f3n de la Facultad de Ingenier\u00eda, Andr\u00e9s Cepeda, realiz\u00f3 una charla motivacional a los alumnos de ense\u00f1anza media en el Colegio Leonardo Da Vinci, ubicado en Las Condes. El evento tuvo como objetivo dar a conocer su participaci\u00f3n en el Cortometraje nominado al Oscar \u201cBestia\u201d, como tambi\u00e9n, motivar a los estudiantes en relaci\u00f3n a la tecnolog\u00eda e innovaci\u00f3n.&nbsp;<\/p>\n\n\n\n<p>A lo largo de la charla, Andr\u00e9s Cepeda dio a conocer c\u00f3mo fue su trabajo estando a cargo de la fabricaci\u00f3n de las cabezas de los personajes en el cortometraje, el camino recorrido para llegar a dichos dise\u00f1os \u2013 donde us\u00f3 sus conocimientos de ingenier\u00eda y tecnolog\u00eda- y la posterior nominaci\u00f3n a los Premios Oscar donde lamentablemente hace unos d\u00edas el galard\u00f3n se lo llev\u00f3 la producci\u00f3n espa\u00f1ola \u201cEl Limpiaparabrisas\u201d. Por otra parte, la charla tambi\u00e9n se centr\u00f3 en motivar a los alumnos a cumplir sus sue\u00f1os y seguir sus intereses.&nbsp;<\/p>\n\n\n\n<p>Al respecto, el investigador se\u00f1al\u00f3 que \u201cfue una muy buena experiencia. Tuve mucha identificaci\u00f3n con los estudiantes y tambi\u00e9n con el enfoque art\u00edstico del colegio\u2026 Este tipo de charlas es parte de la magia generada por haber sido nominados al Oscar, independiente de los resultados, el trabajo realizado quedar\u00e1 en la historia del cine chileno\u201d.<\/p>","protected":false},"featured_media":1401,"template":"","taxo_noticias":[],"grupo-de-investigacion":[],"class_list":["post-1400","cplus_noticias","type-cplus_noticias","status-publish","has-post-thumbnail","hentry"],"acf":[],"yoast_head":"<!-- This site is optimized with the Yoast SEO plugin v27.3 - https:\/\/yoast.com\/product\/yoast-seo-wordpress\/ -->\n<title>Investigador del C+ de la Direcci\u00f3n de Innovaci\u00f3n UDD realiz\u00f3 charla motivacional a alumnos del Colegio Leonardo Da Vinci - C+<\/title>\n<meta name=\"robots\" content=\"index, follow, max-snippet:-1, max-image-preview:large, max-video-preview:-1\" \/>\n<link rel=\"canonical\" href=\"https:\/\/cmas.udd.cl\/en\/cplus_noticias\/investigador-del-c-de-la-direccion-de-innovacion-udd-realizo-charla-motivacional-a-alumnos-del-colegio-leonardo-da-vinci\/\" \/>\n<meta property=\"og:locale\" content=\"en_US\" \/>\n<meta property=\"og:type\" content=\"article\" \/>\n<meta property=\"og:title\" content=\"Investigador del C+ de la Direcci\u00f3n de Innovaci\u00f3n UDD realiz\u00f3 charla motivacional a alumnos del Colegio Leonardo Da Vinci - C+\" \/>\n<meta property=\"og:description\" content=\"El pasado viernes 25 de marzo, el investigador de los Grupos de Investigaci\u00f3n de Tecnolog\u00edas para la Sociedad (C+), perteneciente a la Direcci\u00f3n de Innovaci\u00f3n de la Facultad de Ingenier\u00eda, Andr\u00e9s Cepeda, realiz\u00f3 una charla motivacional a los alumnos de ense\u00f1anza media en el Colegio Leonardo Da Vinci, ubicado en Las Condes. El evento tuvo [&hellip;]\" \/>\n<meta property=\"og:url\" content=\"https:\/\/cmas.udd.cl\/en\/cplus_noticias\/investigador-del-c-de-la-direccion-de-innovacion-udd-realizo-charla-motivacional-a-alumnos-del-colegio-leonardo-da-vinci\/\" \/>\n<meta property=\"og:site_name\" content=\"C+\" \/>\n<meta property=\"article:modified_time\" content=\"2022-12-22T21:03:50+00:00\" \/>\n<meta property=\"og:image\" content=\"https:\/\/cmas.udd.cl\/wp-content\/uploads\/2022\/12\/WhatsApp-Image-2022-03-25-at-10.54.52-AM-680x382-1.jpeg\" \/>\n\t<meta property=\"og:image:width\" content=\"680\" \/>\n\t<meta property=\"og:image:height\" content=\"382\" \/>\n\t<meta property=\"og:image:type\" content=\"image\/jpeg\" \/>\n<meta name=\"twitter:card\" content=\"summary_large_image\" \/>\n<meta name=\"twitter:label1\" content=\"Est. reading time\" \/>\n\t<meta name=\"twitter:data1\" content=\"1 minute\" \/>\n<script type=\"application\/ld+json\" class=\"yoast-schema-graph\">{\"@context\":\"https:\\\/\\\/schema.org\",\"@graph\":[{\"@type\":\"WebPage\",\"@id\":\"https:\\\/\\\/cmas.udd.cl\\\/cplus_noticias\\\/investigador-del-c-de-la-direccion-de-innovacion-udd-realizo-charla-motivacional-a-alumnos-del-colegio-leonardo-da-vinci\\\/\",\"url\":\"https:\\\/\\\/cmas.udd.cl\\\/cplus_noticias\\\/investigador-del-c-de-la-direccion-de-innovacion-udd-realizo-charla-motivacional-a-alumnos-del-colegio-leonardo-da-vinci\\\/\",\"name\":\"Investigador del C+ de la Direcci\u00f3n de Innovaci\u00f3n UDD realiz\u00f3 charla motivacional a alumnos del Colegio Leonardo Da Vinci - C+\",\"isPartOf\":{\"@id\":\"https:\\\/\\\/cmas.udd.cl\\\/#website\"},\"primaryImageOfPage\":{\"@id\":\"https:\\\/\\\/cmas.udd.cl\\\/cplus_noticias\\\/investigador-del-c-de-la-direccion-de-innovacion-udd-realizo-charla-motivacional-a-alumnos-del-colegio-leonardo-da-vinci\\\/#primaryimage\"},\"image\":{\"@id\":\"https:\\\/\\\/cmas.udd.cl\\\/cplus_noticias\\\/investigador-del-c-de-la-direccion-de-innovacion-udd-realizo-charla-motivacional-a-alumnos-del-colegio-leonardo-da-vinci\\\/#primaryimage\"},\"thumbnailUrl\":\"https:\\\/\\\/cmas.udd.cl\\\/wp-content\\\/uploads\\\/2022\\\/12\\\/WhatsApp-Image-2022-03-25-at-10.54.52-AM-680x382-1.jpeg\",\"datePublished\":\"2022-03-29T21:02:00+00:00\",\"dateModified\":\"2022-12-22T21:03:50+00:00\",\"breadcrumb\":{\"@id\":\"https:\\\/\\\/cmas.udd.cl\\\/cplus_noticias\\\/investigador-del-c-de-la-direccion-de-innovacion-udd-realizo-charla-motivacional-a-alumnos-del-colegio-leonardo-da-vinci\\\/#breadcrumb\"},\"inLanguage\":\"en-US\",\"potentialAction\":[{\"@type\":\"ReadAction\",\"target\":[\"https:\\\/\\\/cmas.udd.cl\\\/cplus_noticias\\\/investigador-del-c-de-la-direccion-de-innovacion-udd-realizo-charla-motivacional-a-alumnos-del-colegio-leonardo-da-vinci\\\/\"]}]},{\"@type\":\"ImageObject\",\"inLanguage\":\"en-US\",\"@id\":\"https:\\\/\\\/cmas.udd.cl\\\/cplus_noticias\\\/investigador-del-c-de-la-direccion-de-innovacion-udd-realizo-charla-motivacional-a-alumnos-del-colegio-leonardo-da-vinci\\\/#primaryimage\",\"url\":\"https:\\\/\\\/cmas.udd.cl\\\/wp-content\\\/uploads\\\/2022\\\/12\\\/WhatsApp-Image-2022-03-25-at-10.54.52-AM-680x382-1.jpeg\",\"contentUrl\":\"https:\\\/\\\/cmas.udd.cl\\\/wp-content\\\/uploads\\\/2022\\\/12\\\/WhatsApp-Image-2022-03-25-at-10.54.52-AM-680x382-1.jpeg\",\"width\":680,\"height\":382},{\"@type\":\"BreadcrumbList\",\"@id\":\"https:\\\/\\\/cmas.udd.cl\\\/cplus_noticias\\\/investigador-del-c-de-la-direccion-de-innovacion-udd-realizo-charla-motivacional-a-alumnos-del-colegio-leonardo-da-vinci\\\/#breadcrumb\",\"itemListElement\":[{\"@type\":\"ListItem\",\"position\":1,\"name\":\"Home\",\"item\":\"https:\\\/\\\/cmas.udd.cl\\\/\"},{\"@type\":\"ListItem\",\"position\":2,\"name\":\"cplus_noticias\",\"item\":\"https:\\\/\\\/cmas.udd.cl\\\/cplus_noticias\\\/\"},{\"@type\":\"ListItem\",\"position\":3,\"name\":\"Investigador del C+ de la Direcci\u00f3n de Innovaci\u00f3n UDD realiz\u00f3 charla motivacional a alumnos del Colegio Leonardo Da Vinci\"}]},{\"@type\":\"WebSite\",\"@id\":\"https:\\\/\\\/cmas.udd.cl\\\/#website\",\"url\":\"https:\\\/\\\/cmas.udd.cl\\\/\",\"name\":\"C+\",\"description\":\"Centro Investigaci\u00f3n enTecnolog\u00edas para la Sociedad\",\"publisher\":{\"@id\":\"https:\\\/\\\/cmas.udd.cl\\\/#organization\"},\"potentialAction\":[{\"@type\":\"SearchAction\",\"target\":{\"@type\":\"EntryPoint\",\"urlTemplate\":\"https:\\\/\\\/cmas.udd.cl\\\/?s={search_term_string}\"},\"query-input\":{\"@type\":\"PropertyValueSpecification\",\"valueRequired\":true,\"valueName\":\"search_term_string\"}}],\"inLanguage\":\"en-US\"},{\"@type\":\"Organization\",\"@id\":\"https:\\\/\\\/cmas.udd.cl\\\/#organization\",\"name\":\"C+\",\"url\":\"https:\\\/\\\/cmas.udd.cl\\\/\",\"logo\":{\"@type\":\"ImageObject\",\"inLanguage\":\"en-US\",\"@id\":\"https:\\\/\\\/cmas.udd.cl\\\/#\\\/schema\\\/logo\\\/image\\\/\",\"url\":\"https:\\\/\\\/cmas.udd.cl\\\/wp-content\\\/uploads\\\/2023\\\/05\\\/Logo-compuesto-UDD-Cmas.png\",\"contentUrl\":\"https:\\\/\\\/cmas.udd.cl\\\/wp-content\\\/uploads\\\/2023\\\/05\\\/Logo-compuesto-UDD-Cmas.png\",\"width\":695,\"height\":72,\"caption\":\"C+\"},\"image\":{\"@id\":\"https:\\\/\\\/cmas.udd.cl\\\/#\\\/schema\\\/logo\\\/image\\\/\"}}]}<\/script>\n<!-- \/ Yoast SEO plugin. -->","yoast_head_json":{"title":"Investigador del C+ de la Direcci\u00f3n de Innovaci\u00f3n UDD realiz\u00f3 charla motivacional a alumnos del Colegio Leonardo Da Vinci - C+","robots":{"index":"index","follow":"follow","max-snippet":"max-snippet:-1","max-image-preview":"max-image-preview:large","max-video-preview":"max-video-preview:-1"},"canonical":"https:\/\/cmas.udd.cl\/en\/cplus_noticias\/investigador-del-c-de-la-direccion-de-innovacion-udd-realizo-charla-motivacional-a-alumnos-del-colegio-leonardo-da-vinci\/","og_locale":"en_US","og_type":"article","og_title":"Investigador del C+ de la Direcci\u00f3n de Innovaci\u00f3n UDD realiz\u00f3 charla motivacional a alumnos del Colegio Leonardo Da Vinci - C+","og_description":"El pasado viernes 25 de marzo, el investigador de los Grupos de Investigaci\u00f3n de Tecnolog\u00edas para la Sociedad (C+), perteneciente a la Direcci\u00f3n de Innovaci\u00f3n de la Facultad de Ingenier\u00eda, Andr\u00e9s Cepeda, realiz\u00f3 una charla motivacional a los alumnos de ense\u00f1anza media en el Colegio Leonardo Da Vinci, ubicado en Las Condes. El evento tuvo [&hellip;]","og_url":"https:\/\/cmas.udd.cl\/en\/cplus_noticias\/investigador-del-c-de-la-direccion-de-innovacion-udd-realizo-charla-motivacional-a-alumnos-del-colegio-leonardo-da-vinci\/","og_site_name":"C+","article_modified_time":"2022-12-22T21:03:50+00:00","og_image":[{"width":680,"height":382,"url":"https:\/\/cmas.udd.cl\/wp-content\/uploads\/2022\/12\/WhatsApp-Image-2022-03-25-at-10.54.52-AM-680x382-1.jpeg","type":"image\/jpeg"}],"twitter_card":"summary_large_image","twitter_misc":{"Est. reading time":"1 minute"},"schema":{"@context":"https:\/\/schema.org","@graph":[{"@type":"WebPage","@id":"https:\/\/cmas.udd.cl\/cplus_noticias\/investigador-del-c-de-la-direccion-de-innovacion-udd-realizo-charla-motivacional-a-alumnos-del-colegio-leonardo-da-vinci\/","url":"https:\/\/cmas.udd.cl\/cplus_noticias\/investigador-del-c-de-la-direccion-de-innovacion-udd-realizo-charla-motivacional-a-alumnos-del-colegio-leonardo-da-vinci\/","name":"Investigador del C+ de la Direcci\u00f3n de Innovaci\u00f3n UDD realiz\u00f3 charla motivacional a alumnos del Colegio Leonardo Da Vinci - C+","isPartOf":{"@id":"https:\/\/cmas.udd.cl\/#website"},"primaryImageOfPage":{"@id":"https:\/\/cmas.udd.cl\/cplus_noticias\/investigador-del-c-de-la-direccion-de-innovacion-udd-realizo-charla-motivacional-a-alumnos-del-colegio-leonardo-da-vinci\/#primaryimage"},"image":{"@id":"https:\/\/cmas.udd.cl\/cplus_noticias\/investigador-del-c-de-la-direccion-de-innovacion-udd-realizo-charla-motivacional-a-alumnos-del-colegio-leonardo-da-vinci\/#primaryimage"},"thumbnailUrl":"https:\/\/cmas.udd.cl\/wp-content\/uploads\/2022\/12\/WhatsApp-Image-2022-03-25-at-10.54.52-AM-680x382-1.jpeg","datePublished":"2022-03-29T21:02:00+00:00","dateModified":"2022-12-22T21:03:50+00:00","breadcrumb":{"@id":"https:\/\/cmas.udd.cl\/cplus_noticias\/investigador-del-c-de-la-direccion-de-innovacion-udd-realizo-charla-motivacional-a-alumnos-del-colegio-leonardo-da-vinci\/#breadcrumb"},"inLanguage":"en-US","potentialAction":[{"@type":"ReadAction","target":["https:\/\/cmas.udd.cl\/cplus_noticias\/investigador-del-c-de-la-direccion-de-innovacion-udd-realizo-charla-motivacional-a-alumnos-del-colegio-leonardo-da-vinci\/"]}]},{"@type":"ImageObject","inLanguage":"en-US","@id":"https:\/\/cmas.udd.cl\/cplus_noticias\/investigador-del-c-de-la-direccion-de-innovacion-udd-realizo-charla-motivacional-a-alumnos-del-colegio-leonardo-da-vinci\/#primaryimage","url":"https:\/\/cmas.udd.cl\/wp-content\/uploads\/2022\/12\/WhatsApp-Image-2022-03-25-at-10.54.52-AM-680x382-1.jpeg","contentUrl":"https:\/\/cmas.udd.cl\/wp-content\/uploads\/2022\/12\/WhatsApp-Image-2022-03-25-at-10.54.52-AM-680x382-1.jpeg","width":680,"height":382},{"@type":"BreadcrumbList","@id":"https:\/\/cmas.udd.cl\/cplus_noticias\/investigador-del-c-de-la-direccion-de-innovacion-udd-realizo-charla-motivacional-a-alumnos-del-colegio-leonardo-da-vinci\/#breadcrumb","itemListElement":[{"@type":"ListItem","position":1,"name":"Home","item":"https:\/\/cmas.udd.cl\/"},{"@type":"ListItem","position":2,"name":"cplus_noticias","item":"https:\/\/cmas.udd.cl\/cplus_noticias\/"},{"@type":"ListItem","position":3,"name":"Investigador del C+ de la Direcci\u00f3n de Innovaci\u00f3n UDD realiz\u00f3 charla motivacional a alumnos del Colegio Leonardo Da Vinci"}]},{"@type":"WebSite","@id":"https:\/\/cmas.udd.cl\/#website","url":"https:\/\/cmas.udd.cl\/","name":"C+","description":"Centro Investigaci\u00f3n enTecnolog\u00edas para la Sociedad","publisher":{"@id":"https:\/\/cmas.udd.cl\/#organization"},"potentialAction":[{"@type":"SearchAction","target":{"@type":"EntryPoint","urlTemplate":"https:\/\/cmas.udd.cl\/?s={search_term_string}"},"query-input":{"@type":"PropertyValueSpecification","valueRequired":true,"valueName":"search_term_string"}}],"inLanguage":"en-US"},{"@type":"Organization","@id":"https:\/\/cmas.udd.cl\/#organization","name":"C+","url":"https:\/\/cmas.udd.cl\/","logo":{"@type":"ImageObject","inLanguage":"en-US","@id":"https:\/\/cmas.udd.cl\/#\/schema\/logo\/image\/","url":"https:\/\/cmas.udd.cl\/wp-content\/uploads\/2023\/05\/Logo-compuesto-UDD-Cmas.png","contentUrl":"https:\/\/cmas.udd.cl\/wp-content\/uploads\/2023\/05\/Logo-compuesto-UDD-Cmas.png","width":695,"height":72,"caption":"C+"},"image":{"@id":"https:\/\/cmas.udd.cl\/#\/schema\/logo\/image\/"}}]}},"_links":{"self":[{"href":"https:\/\/cmas.udd.cl\/en\/wp-json\/wp\/v2\/cplus_noticias\/1400","targetHints":{"allow":["GET"]}}],"collection":[{"href":"https:\/\/cmas.udd.cl\/en\/wp-json\/wp\/v2\/cplus_noticias"}],"about":[{"href":"https:\/\/cmas.udd.cl\/en\/wp-json\/wp\/v2\/types\/cplus_noticias"}],"version-history":[{"count":0,"href":"https:\/\/cmas.udd.cl\/en\/wp-json\/wp\/v2\/cplus_noticias\/1400\/revisions"}],"wp:featuredmedia":[{"embeddable":true,"href":"https:\/\/cmas.udd.cl\/en\/wp-json\/wp\/v2\/media\/1401"}],"wp:attachment":[{"href":"https:\/\/cmas.udd.cl\/en\/wp-json\/wp\/v2\/media?parent=1400"}],"wp:term":[{"taxonomy":"taxo_noticias","embeddable":true,"href":"https:\/\/cmas.udd.cl\/en\/wp-json\/wp\/v2\/taxo_noticias?post=1400"},{"taxonomy":"grupo-de-investigacion","embeddable":true,"href":"https:\/\/cmas.udd.cl\/en\/wp-json\/wp\/v2\/grupo-de-investigacion?post=1400"}],"curies":[{"name":"wp","href":"https:\/\/api.w.org\/{rel}","templated":true}]}}