{"id":1390,"date":"2022-05-26T20:36:00","date_gmt":"2022-05-26T20:36:00","guid":{"rendered":"https:\/\/centrodeinvestigacioningenieria.udd.cl\/?post_type=cplus_noticias&#038;p=1390"},"modified":"2022-12-22T20:38:22","modified_gmt":"2022-12-22T20:38:22","slug":"investigador-de-la-universidad-de-york-visita-chile-y-realiza-charlas-enfocadas-en-la-contaminacion-del-aire-en-la-udd","status":"publish","type":"cplus_noticias","link":"https:\/\/cmas.udd.cl\/en\/cplus_noticias\/investigador-de-la-universidad-de-york-visita-chile-y-realiza-charlas-enfocadas-en-la-contaminacion-del-aire-en-la-udd\/","title":{"rendered":"Investigador de la Universidad de York visita Chile y realiza charlas enfocadas en la contaminaci\u00f3n del aire en la UDD"},"content":{"rendered":"<p>Hace algunos d\u00edas la Universidad del Desarrollo cont\u00f3 con la visita de Sebasti\u00e1n Diez, investigador asociado de la Universidad de York, Reino Unido y PhD en Ingenier\u00eda de la Universidad Tecnol\u00f3gica Nacional de Argentina, con el objetivo de conocer las instalaciones y laboratorios de la universidad, adem\u00e1s de realizar dos charlas (Santiago y Concepci\u00f3n) enfocadas en un proyecto que est\u00e1 desarrollando relacionado con las mediciones de la calidad del aire a trav\u00e9s de instrumentos de bajo costo.<\/p>\n\n\n\n<p>El objetivo de estas charlas fue dar a conocer el desarrollo, aplicaci\u00f3n y beneficios del uso de estas tecnolog\u00edas y con la motivaci\u00f3n de poder implementarlas a largo plazo en pa\u00edses en v\u00edas de desarrollo. Seg\u00fan Sebasti\u00e1n esto ser\u00eda muy beneficioso, ya que \u201cayudar\u00eda a que las personas estemos m\u00e1s conscientes del aire que estamos respirando y que puedan pensar en cu\u00e1les ser\u00edan las alternativas para medir su calidad e idealmente a largo plazo poder resolver esa problem\u00e1tica e implementarlo\u201d.<\/p>\n\n\n\n<p>Respecto a su experiencia en Chile y los objetivos de su visita, Diez sostuvo que \u201cla idea de esta visita tambi\u00e9n es masificar el uso de estos instrumentos, porque las tecnolog\u00edas que com\u00fanmente se usan son muy caras y estos que estamos proponiendo, como lo dice su nombre, son de bajo costo, lo que ayudar\u00eda a mejorar la calidad de vida de las personas\u201d.<\/p>\n\n\n\n<p>Cabe destacar que la visita tambi\u00e9n se centr\u00f3 en que parte de la investigaci\u00f3n del proyecto se llevar\u00e1 a cabo en la ciudad de Coyhaique en julio, en donde se realizar\u00e1n las primeras mediciones con los instrumentos, tomando en cuenta que esa ciudad es una con los \u00edndices de contaminaci\u00f3n por material particulado fino m\u00e1s altos de Latino Am\u00e9rica debido a el uso de la le\u00f1a para la calefacci\u00f3n y otras causas.<\/p>","protected":false},"featured_media":1391,"template":"","taxo_noticias":[],"grupo-de-investigacion":[],"class_list":["post-1390","cplus_noticias","type-cplus_noticias","status-publish","has-post-thumbnail","hentry"],"acf":[],"yoast_head":"<!-- This site is optimized with the Yoast SEO plugin v27.3 - https:\/\/yoast.com\/product\/yoast-seo-wordpress\/ -->\n<title>Investigador de la Universidad de York visita Chile y realiza charlas enfocadas en la contaminaci\u00f3n del aire en la UDD - C+<\/title>\n<meta name=\"robots\" content=\"index, follow, max-snippet:-1, max-image-preview:large, max-video-preview:-1\" \/>\n<link rel=\"canonical\" href=\"https:\/\/cmas.udd.cl\/en\/cplus_noticias\/investigador-de-la-universidad-de-york-visita-chile-y-realiza-charlas-enfocadas-en-la-contaminacion-del-aire-en-la-udd\/\" \/>\n<meta property=\"og:locale\" content=\"en_US\" \/>\n<meta property=\"og:type\" content=\"article\" \/>\n<meta property=\"og:title\" content=\"Investigador de la Universidad de York visita Chile y realiza charlas enfocadas en la contaminaci\u00f3n del aire en la UDD - C+\" \/>\n<meta property=\"og:description\" content=\"Hace algunos d\u00edas la Universidad del Desarrollo cont\u00f3 con la visita de Sebasti\u00e1n Diez, investigador asociado de la Universidad de York, Reino Unido y PhD en Ingenier\u00eda de la Universidad Tecnol\u00f3gica Nacional de Argentina, con el objetivo de conocer las instalaciones y laboratorios de la universidad, adem\u00e1s de realizar dos charlas (Santiago y Concepci\u00f3n) enfocadas [&hellip;]\" \/>\n<meta property=\"og:url\" content=\"https:\/\/cmas.udd.cl\/en\/cplus_noticias\/investigador-de-la-universidad-de-york-visita-chile-y-realiza-charlas-enfocadas-en-la-contaminacion-del-aire-en-la-udd\/\" \/>\n<meta property=\"og:site_name\" content=\"C+\" \/>\n<meta property=\"article:modified_time\" content=\"2022-12-22T20:38:22+00:00\" \/>\n<meta property=\"og:image\" content=\"https:\/\/cmas.udd.cl\/wp-content\/uploads\/2022\/12\/DSC_3862-1-680x382-1.jpg\" \/>\n\t<meta property=\"og:image:width\" content=\"680\" \/>\n\t<meta property=\"og:image:height\" content=\"382\" \/>\n\t<meta property=\"og:image:type\" content=\"image\/jpeg\" \/>\n<meta name=\"twitter:card\" content=\"summary_large_image\" \/>\n<meta name=\"twitter:label1\" content=\"Est. reading time\" \/>\n\t<meta name=\"twitter:data1\" content=\"2 minutes\" \/>\n<script type=\"application\/ld+json\" class=\"yoast-schema-graph\">{\"@context\":\"https:\\\/\\\/schema.org\",\"@graph\":[{\"@type\":\"WebPage\",\"@id\":\"https:\\\/\\\/cmas.udd.cl\\\/cplus_noticias\\\/investigador-de-la-universidad-de-york-visita-chile-y-realiza-charlas-enfocadas-en-la-contaminacion-del-aire-en-la-udd\\\/\",\"url\":\"https:\\\/\\\/cmas.udd.cl\\\/cplus_noticias\\\/investigador-de-la-universidad-de-york-visita-chile-y-realiza-charlas-enfocadas-en-la-contaminacion-del-aire-en-la-udd\\\/\",\"name\":\"Investigador de la Universidad de York visita Chile y realiza charlas enfocadas en la contaminaci\u00f3n del aire en la UDD - C+\",\"isPartOf\":{\"@id\":\"https:\\\/\\\/cmas.udd.cl\\\/#website\"},\"primaryImageOfPage\":{\"@id\":\"https:\\\/\\\/cmas.udd.cl\\\/cplus_noticias\\\/investigador-de-la-universidad-de-york-visita-chile-y-realiza-charlas-enfocadas-en-la-contaminacion-del-aire-en-la-udd\\\/#primaryimage\"},\"image\":{\"@id\":\"https:\\\/\\\/cmas.udd.cl\\\/cplus_noticias\\\/investigador-de-la-universidad-de-york-visita-chile-y-realiza-charlas-enfocadas-en-la-contaminacion-del-aire-en-la-udd\\\/#primaryimage\"},\"thumbnailUrl\":\"https:\\\/\\\/cmas.udd.cl\\\/wp-content\\\/uploads\\\/2022\\\/12\\\/DSC_3862-1-680x382-1.jpg\",\"datePublished\":\"2022-05-26T20:36:00+00:00\",\"dateModified\":\"2022-12-22T20:38:22+00:00\",\"breadcrumb\":{\"@id\":\"https:\\\/\\\/cmas.udd.cl\\\/cplus_noticias\\\/investigador-de-la-universidad-de-york-visita-chile-y-realiza-charlas-enfocadas-en-la-contaminacion-del-aire-en-la-udd\\\/#breadcrumb\"},\"inLanguage\":\"en-US\",\"potentialAction\":[{\"@type\":\"ReadAction\",\"target\":[\"https:\\\/\\\/cmas.udd.cl\\\/cplus_noticias\\\/investigador-de-la-universidad-de-york-visita-chile-y-realiza-charlas-enfocadas-en-la-contaminacion-del-aire-en-la-udd\\\/\"]}]},{\"@type\":\"ImageObject\",\"inLanguage\":\"en-US\",\"@id\":\"https:\\\/\\\/cmas.udd.cl\\\/cplus_noticias\\\/investigador-de-la-universidad-de-york-visita-chile-y-realiza-charlas-enfocadas-en-la-contaminacion-del-aire-en-la-udd\\\/#primaryimage\",\"url\":\"https:\\\/\\\/cmas.udd.cl\\\/wp-content\\\/uploads\\\/2022\\\/12\\\/DSC_3862-1-680x382-1.jpg\",\"contentUrl\":\"https:\\\/\\\/cmas.udd.cl\\\/wp-content\\\/uploads\\\/2022\\\/12\\\/DSC_3862-1-680x382-1.jpg\",\"width\":680,\"height\":382},{\"@type\":\"BreadcrumbList\",\"@id\":\"https:\\\/\\\/cmas.udd.cl\\\/cplus_noticias\\\/investigador-de-la-universidad-de-york-visita-chile-y-realiza-charlas-enfocadas-en-la-contaminacion-del-aire-en-la-udd\\\/#breadcrumb\",\"itemListElement\":[{\"@type\":\"ListItem\",\"position\":1,\"name\":\"Home\",\"item\":\"https:\\\/\\\/cmas.udd.cl\\\/\"},{\"@type\":\"ListItem\",\"position\":2,\"name\":\"cplus_noticias\",\"item\":\"https:\\\/\\\/cmas.udd.cl\\\/cplus_noticias\\\/\"},{\"@type\":\"ListItem\",\"position\":3,\"name\":\"Investigador de la Universidad de York visita Chile y realiza charlas enfocadas en la contaminaci\u00f3n del aire en la UDD\"}]},{\"@type\":\"WebSite\",\"@id\":\"https:\\\/\\\/cmas.udd.cl\\\/#website\",\"url\":\"https:\\\/\\\/cmas.udd.cl\\\/\",\"name\":\"C+\",\"description\":\"Centro Investigaci\u00f3n enTecnolog\u00edas para la Sociedad\",\"publisher\":{\"@id\":\"https:\\\/\\\/cmas.udd.cl\\\/#organization\"},\"potentialAction\":[{\"@type\":\"SearchAction\",\"target\":{\"@type\":\"EntryPoint\",\"urlTemplate\":\"https:\\\/\\\/cmas.udd.cl\\\/?s={search_term_string}\"},\"query-input\":{\"@type\":\"PropertyValueSpecification\",\"valueRequired\":true,\"valueName\":\"search_term_string\"}}],\"inLanguage\":\"en-US\"},{\"@type\":\"Organization\",\"@id\":\"https:\\\/\\\/cmas.udd.cl\\\/#organization\",\"name\":\"C+\",\"url\":\"https:\\\/\\\/cmas.udd.cl\\\/\",\"logo\":{\"@type\":\"ImageObject\",\"inLanguage\":\"en-US\",\"@id\":\"https:\\\/\\\/cmas.udd.cl\\\/#\\\/schema\\\/logo\\\/image\\\/\",\"url\":\"https:\\\/\\\/cmas.udd.cl\\\/wp-content\\\/uploads\\\/2023\\\/05\\\/Logo-compuesto-UDD-Cmas.png\",\"contentUrl\":\"https:\\\/\\\/cmas.udd.cl\\\/wp-content\\\/uploads\\\/2023\\\/05\\\/Logo-compuesto-UDD-Cmas.png\",\"width\":695,\"height\":72,\"caption\":\"C+\"},\"image\":{\"@id\":\"https:\\\/\\\/cmas.udd.cl\\\/#\\\/schema\\\/logo\\\/image\\\/\"}}]}<\/script>\n<!-- \/ Yoast SEO plugin. -->","yoast_head_json":{"title":"Investigador de la Universidad de York visita Chile y realiza charlas enfocadas en la contaminaci\u00f3n del aire en la UDD - C+","robots":{"index":"index","follow":"follow","max-snippet":"max-snippet:-1","max-image-preview":"max-image-preview:large","max-video-preview":"max-video-preview:-1"},"canonical":"https:\/\/cmas.udd.cl\/en\/cplus_noticias\/investigador-de-la-universidad-de-york-visita-chile-y-realiza-charlas-enfocadas-en-la-contaminacion-del-aire-en-la-udd\/","og_locale":"en_US","og_type":"article","og_title":"Investigador de la Universidad de York visita Chile y realiza charlas enfocadas en la contaminaci\u00f3n del aire en la UDD - C+","og_description":"Hace algunos d\u00edas la Universidad del Desarrollo cont\u00f3 con la visita de Sebasti\u00e1n Diez, investigador asociado de la Universidad de York, Reino Unido y PhD en Ingenier\u00eda de la Universidad Tecnol\u00f3gica Nacional de Argentina, con el objetivo de conocer las instalaciones y laboratorios de la universidad, adem\u00e1s de realizar dos charlas (Santiago y Concepci\u00f3n) enfocadas [&hellip;]","og_url":"https:\/\/cmas.udd.cl\/en\/cplus_noticias\/investigador-de-la-universidad-de-york-visita-chile-y-realiza-charlas-enfocadas-en-la-contaminacion-del-aire-en-la-udd\/","og_site_name":"C+","article_modified_time":"2022-12-22T20:38:22+00:00","og_image":[{"width":680,"height":382,"url":"https:\/\/cmas.udd.cl\/wp-content\/uploads\/2022\/12\/DSC_3862-1-680x382-1.jpg","type":"image\/jpeg"}],"twitter_card":"summary_large_image","twitter_misc":{"Est. reading time":"2 minutes"},"schema":{"@context":"https:\/\/schema.org","@graph":[{"@type":"WebPage","@id":"https:\/\/cmas.udd.cl\/cplus_noticias\/investigador-de-la-universidad-de-york-visita-chile-y-realiza-charlas-enfocadas-en-la-contaminacion-del-aire-en-la-udd\/","url":"https:\/\/cmas.udd.cl\/cplus_noticias\/investigador-de-la-universidad-de-york-visita-chile-y-realiza-charlas-enfocadas-en-la-contaminacion-del-aire-en-la-udd\/","name":"Investigador de la Universidad de York visita Chile y realiza charlas enfocadas en la contaminaci\u00f3n del aire en la UDD - C+","isPartOf":{"@id":"https:\/\/cmas.udd.cl\/#website"},"primaryImageOfPage":{"@id":"https:\/\/cmas.udd.cl\/cplus_noticias\/investigador-de-la-universidad-de-york-visita-chile-y-realiza-charlas-enfocadas-en-la-contaminacion-del-aire-en-la-udd\/#primaryimage"},"image":{"@id":"https:\/\/cmas.udd.cl\/cplus_noticias\/investigador-de-la-universidad-de-york-visita-chile-y-realiza-charlas-enfocadas-en-la-contaminacion-del-aire-en-la-udd\/#primaryimage"},"thumbnailUrl":"https:\/\/cmas.udd.cl\/wp-content\/uploads\/2022\/12\/DSC_3862-1-680x382-1.jpg","datePublished":"2022-05-26T20:36:00+00:00","dateModified":"2022-12-22T20:38:22+00:00","breadcrumb":{"@id":"https:\/\/cmas.udd.cl\/cplus_noticias\/investigador-de-la-universidad-de-york-visita-chile-y-realiza-charlas-enfocadas-en-la-contaminacion-del-aire-en-la-udd\/#breadcrumb"},"inLanguage":"en-US","potentialAction":[{"@type":"ReadAction","target":["https:\/\/cmas.udd.cl\/cplus_noticias\/investigador-de-la-universidad-de-york-visita-chile-y-realiza-charlas-enfocadas-en-la-contaminacion-del-aire-en-la-udd\/"]}]},{"@type":"ImageObject","inLanguage":"en-US","@id":"https:\/\/cmas.udd.cl\/cplus_noticias\/investigador-de-la-universidad-de-york-visita-chile-y-realiza-charlas-enfocadas-en-la-contaminacion-del-aire-en-la-udd\/#primaryimage","url":"https:\/\/cmas.udd.cl\/wp-content\/uploads\/2022\/12\/DSC_3862-1-680x382-1.jpg","contentUrl":"https:\/\/cmas.udd.cl\/wp-content\/uploads\/2022\/12\/DSC_3862-1-680x382-1.jpg","width":680,"height":382},{"@type":"BreadcrumbList","@id":"https:\/\/cmas.udd.cl\/cplus_noticias\/investigador-de-la-universidad-de-york-visita-chile-y-realiza-charlas-enfocadas-en-la-contaminacion-del-aire-en-la-udd\/#breadcrumb","itemListElement":[{"@type":"ListItem","position":1,"name":"Home","item":"https:\/\/cmas.udd.cl\/"},{"@type":"ListItem","position":2,"name":"cplus_noticias","item":"https:\/\/cmas.udd.cl\/cplus_noticias\/"},{"@type":"ListItem","position":3,"name":"Investigador de la Universidad de York visita Chile y realiza charlas enfocadas en la contaminaci\u00f3n del aire en la UDD"}]},{"@type":"WebSite","@id":"https:\/\/cmas.udd.cl\/#website","url":"https:\/\/cmas.udd.cl\/","name":"C+","description":"Centro Investigaci\u00f3n enTecnolog\u00edas para la Sociedad","publisher":{"@id":"https:\/\/cmas.udd.cl\/#organization"},"potentialAction":[{"@type":"SearchAction","target":{"@type":"EntryPoint","urlTemplate":"https:\/\/cmas.udd.cl\/?s={search_term_string}"},"query-input":{"@type":"PropertyValueSpecification","valueRequired":true,"valueName":"search_term_string"}}],"inLanguage":"en-US"},{"@type":"Organization","@id":"https:\/\/cmas.udd.cl\/#organization","name":"C+","url":"https:\/\/cmas.udd.cl\/","logo":{"@type":"ImageObject","inLanguage":"en-US","@id":"https:\/\/cmas.udd.cl\/#\/schema\/logo\/image\/","url":"https:\/\/cmas.udd.cl\/wp-content\/uploads\/2023\/05\/Logo-compuesto-UDD-Cmas.png","contentUrl":"https:\/\/cmas.udd.cl\/wp-content\/uploads\/2023\/05\/Logo-compuesto-UDD-Cmas.png","width":695,"height":72,"caption":"C+"},"image":{"@id":"https:\/\/cmas.udd.cl\/#\/schema\/logo\/image\/"}}]}},"_links":{"self":[{"href":"https:\/\/cmas.udd.cl\/en\/wp-json\/wp\/v2\/cplus_noticias\/1390","targetHints":{"allow":["GET"]}}],"collection":[{"href":"https:\/\/cmas.udd.cl\/en\/wp-json\/wp\/v2\/cplus_noticias"}],"about":[{"href":"https:\/\/cmas.udd.cl\/en\/wp-json\/wp\/v2\/types\/cplus_noticias"}],"version-history":[{"count":0,"href":"https:\/\/cmas.udd.cl\/en\/wp-json\/wp\/v2\/cplus_noticias\/1390\/revisions"}],"wp:featuredmedia":[{"embeddable":true,"href":"https:\/\/cmas.udd.cl\/en\/wp-json\/wp\/v2\/media\/1391"}],"wp:attachment":[{"href":"https:\/\/cmas.udd.cl\/en\/wp-json\/wp\/v2\/media?parent=1390"}],"wp:term":[{"taxonomy":"taxo_noticias","embeddable":true,"href":"https:\/\/cmas.udd.cl\/en\/wp-json\/wp\/v2\/taxo_noticias?post=1390"},{"taxonomy":"grupo-de-investigacion","embeddable":true,"href":"https:\/\/cmas.udd.cl\/en\/wp-json\/wp\/v2\/grupo-de-investigacion?post=1390"}],"curies":[{"name":"wp","href":"https:\/\/api.w.org\/{rel}","templated":true}]}}