{"id":1308,"date":"2022-12-05T13:56:39","date_gmt":"2022-12-05T13:56:39","guid":{"rendered":"https:\/\/centrodeinvestigacioningenieria.udd.cl\/?post_type=cplus_noticias&#038;p=1308"},"modified":"2023-02-16T20:45:27","modified_gmt":"2023-02-16T20:45:27","slug":"investigadora-adjunta-del-c-maria-estrella-alcaman-expone-en-congreso-de-microbiologia-2","status":"publish","type":"cplus_noticias","link":"https:\/\/cmas.udd.cl\/en\/cplus_noticias\/investigadora-adjunta-del-c-maria-estrella-alcaman-expone-en-congreso-de-microbiologia-2\/","title":{"rendered":"Investigadora adjunta del C+, Mar\u00eda Estrella Alcam\u00e1n, expone en Congreso de Microbiolog\u00eda"},"content":{"rendered":"<p>Hace algunos d\u00edas, la investigadora adjunta del Centro de Investigaci\u00f3n en Tecnolog\u00edas para la Sociedad (C+) de la Facultad de Ingenier\u00eda, Mar\u00eda Estrella Alcam\u00e1n, particip\u00f3 en el \u201cXLIV Congreso Chileno de Microbiolog\u00eda\u201d en la ciudad de La Serena. El evento, es organizado a\u00f1o a a\u00f1o por la Sociedad de Microbiolog\u00eda de Chile (SOMICH), la que trabaja sobre diferentes campos de la microbiolog\u00eda en general, cl\u00ednica, ambiental, industrial, alimentaria, agr\u00edcola y veterinaria.&nbsp;<\/p>\n\n\n\n<p>En el congreso, Mar\u00eda Estrella estuvo a cargo de exponer en la charla \u201cDiversidad de la comunidad microbiana de nieve antes y despu\u00e9s de nevadas en la Pen\u00ednsula Ant\u00e1rtica Occidental\u201d, la que ten\u00eda como objetivo conocer la comunidad de bacterias que est\u00e1n presentes en la nieve en dos lugares geogr\u00e1ficamente distantes en la Ant\u00e1rtica y con caracter\u00edsticas antropog\u00e9nicas diferentes.&nbsp;<\/p>\n\n\n\n<p>Durante su presentaci\u00f3n, la investigadora del laboratorio Envirohealth Dynamics del C+ pudo demostrar que s\u00ed existen diferencias entre los lugares que son intervenidos por los seres humanos, por ejemplo, donde se encuentran la bases, versus los que no. En esta misma l\u00ednea, Alcam\u00e1n recalc\u00f3 la importancia en relaci\u00f3n a la contribuci\u00f3n de diversidad de bacterias provenientes de las nevadas, lo que quiere decir que existen componentes del aire que se est\u00e1n depositando en la nieve y de los cuales todav\u00eda no se tienen mayores estudios.&nbsp;<\/p>\n\n\n\n<p>En relaci\u00f3n a su participaci\u00f3n en el Congreso, Mar\u00eda Estrella se\u00f1al\u00f3 que \u201cexponer en esta actividad es poder dar a conocer mi investigaci\u00f3n con otras personas que estudian la microbiolog\u00eda en diferentes ambientes. Es una gran oportunidad de mostrar lo que se hace en la Ant\u00e1rtica, toda la log\u00edstica que hay detr\u00e1s y los aspectos de importancia para el ecosistema polar. Adem\u00e1s, este congreso es una instancia para recolectar nuevas ideas, sugerencias y tambi\u00e9n nuevas colaboraciones\u201d.&nbsp;<\/p>\n\n\n\n<p>Como conclusi\u00f3n, Mar\u00eda Estrella sostuvo que los pr\u00f3ximos pasos y desaf\u00edos de esta investigaci\u00f3n, ser\u00edan estudiar c\u00f3mo se relacionan estas comunidades de bacterias en lugares contaminados antropog\u00e9nicamente y los que no y tambi\u00e9n la relaci\u00f3n que existe con el aire (sus metabolismos, su contribuci\u00f3n y aporte al ecosistema).&nbsp;<\/p>","protected":false},"featured_media":1309,"template":"","taxo_noticias":[26],"grupo-de-investigacion":[],"class_list":["post-1308","cplus_noticias","type-cplus_noticias","status-publish","has-post-thumbnail","hentry","taxo_noticias-envirohealth"],"acf":[],"yoast_head":"<!-- This site is optimized with the Yoast SEO plugin v27.3 - https:\/\/yoast.com\/product\/yoast-seo-wordpress\/ -->\n<title>Investigadora adjunta del C+, Mar\u00eda Estrella Alcam\u00e1n, expone en Congreso de Microbiolog\u00eda - C+<\/title>\n<meta name=\"robots\" content=\"index, follow, max-snippet:-1, max-image-preview:large, max-video-preview:-1\" \/>\n<link rel=\"canonical\" href=\"https:\/\/cmas.udd.cl\/en\/cplus_noticias\/investigadora-adjunta-del-c-maria-estrella-alcaman-expone-en-congreso-de-microbiologia-2\/\" \/>\n<meta property=\"og:locale\" content=\"en_US\" \/>\n<meta property=\"og:type\" content=\"article\" \/>\n<meta property=\"og:title\" content=\"Investigadora adjunta del C+, Mar\u00eda Estrella Alcam\u00e1n, expone en Congreso de Microbiolog\u00eda - C+\" \/>\n<meta property=\"og:description\" content=\"Hace algunos d\u00edas, la investigadora adjunta del Centro de Investigaci\u00f3n en Tecnolog\u00edas para la Sociedad (C+) de la Facultad de Ingenier\u00eda, Mar\u00eda Estrella Alcam\u00e1n, particip\u00f3 en el \u201cXLIV Congreso Chileno de Microbiolog\u00eda\u201d en la ciudad de La Serena. El evento, es organizado a\u00f1o a a\u00f1o por la Sociedad de Microbiolog\u00eda de Chile (SOMICH), la que [&hellip;]\" \/>\n<meta property=\"og:url\" content=\"https:\/\/cmas.udd.cl\/en\/cplus_noticias\/investigadora-adjunta-del-c-maria-estrella-alcaman-expone-en-congreso-de-microbiologia-2\/\" \/>\n<meta property=\"og:site_name\" content=\"C+\" \/>\n<meta property=\"article:modified_time\" content=\"2023-02-16T20:45:27+00:00\" \/>\n<meta property=\"og:image\" content=\"https:\/\/cmas.udd.cl\/wp-content\/uploads\/2022\/12\/whatsapp-image-2022-12-05-at-10-50-39-680x382-1.jpeg\" \/>\n\t<meta property=\"og:image:width\" content=\"680\" \/>\n\t<meta property=\"og:image:height\" content=\"382\" \/>\n\t<meta property=\"og:image:type\" content=\"image\/jpeg\" \/>\n<meta name=\"twitter:card\" content=\"summary_large_image\" \/>\n<meta name=\"twitter:label1\" content=\"Est. reading time\" \/>\n\t<meta name=\"twitter:data1\" content=\"2 minutes\" \/>\n<script type=\"application\/ld+json\" class=\"yoast-schema-graph\">{\"@context\":\"https:\\\/\\\/schema.org\",\"@graph\":[{\"@type\":\"WebPage\",\"@id\":\"https:\\\/\\\/cmas.udd.cl\\\/cplus_noticias\\\/investigadora-adjunta-del-c-maria-estrella-alcaman-expone-en-congreso-de-microbiologia-2\\\/\",\"url\":\"https:\\\/\\\/cmas.udd.cl\\\/cplus_noticias\\\/investigadora-adjunta-del-c-maria-estrella-alcaman-expone-en-congreso-de-microbiologia-2\\\/\",\"name\":\"Investigadora adjunta del C+, Mar\u00eda Estrella Alcam\u00e1n, expone en Congreso de Microbiolog\u00eda - C+\",\"isPartOf\":{\"@id\":\"https:\\\/\\\/cmas.udd.cl\\\/#website\"},\"primaryImageOfPage\":{\"@id\":\"https:\\\/\\\/cmas.udd.cl\\\/cplus_noticias\\\/investigadora-adjunta-del-c-maria-estrella-alcaman-expone-en-congreso-de-microbiologia-2\\\/#primaryimage\"},\"image\":{\"@id\":\"https:\\\/\\\/cmas.udd.cl\\\/cplus_noticias\\\/investigadora-adjunta-del-c-maria-estrella-alcaman-expone-en-congreso-de-microbiologia-2\\\/#primaryimage\"},\"thumbnailUrl\":\"https:\\\/\\\/cmas.udd.cl\\\/wp-content\\\/uploads\\\/2022\\\/12\\\/whatsapp-image-2022-12-05-at-10-50-39-680x382-1.jpeg\",\"datePublished\":\"2022-12-05T13:56:39+00:00\",\"dateModified\":\"2023-02-16T20:45:27+00:00\",\"breadcrumb\":{\"@id\":\"https:\\\/\\\/cmas.udd.cl\\\/cplus_noticias\\\/investigadora-adjunta-del-c-maria-estrella-alcaman-expone-en-congreso-de-microbiologia-2\\\/#breadcrumb\"},\"inLanguage\":\"en-US\",\"potentialAction\":[{\"@type\":\"ReadAction\",\"target\":[\"https:\\\/\\\/cmas.udd.cl\\\/cplus_noticias\\\/investigadora-adjunta-del-c-maria-estrella-alcaman-expone-en-congreso-de-microbiologia-2\\\/\"]}]},{\"@type\":\"ImageObject\",\"inLanguage\":\"en-US\",\"@id\":\"https:\\\/\\\/cmas.udd.cl\\\/cplus_noticias\\\/investigadora-adjunta-del-c-maria-estrella-alcaman-expone-en-congreso-de-microbiologia-2\\\/#primaryimage\",\"url\":\"https:\\\/\\\/cmas.udd.cl\\\/wp-content\\\/uploads\\\/2022\\\/12\\\/whatsapp-image-2022-12-05-at-10-50-39-680x382-1.jpeg\",\"contentUrl\":\"https:\\\/\\\/cmas.udd.cl\\\/wp-content\\\/uploads\\\/2022\\\/12\\\/whatsapp-image-2022-12-05-at-10-50-39-680x382-1.jpeg\",\"width\":680,\"height\":382},{\"@type\":\"BreadcrumbList\",\"@id\":\"https:\\\/\\\/cmas.udd.cl\\\/cplus_noticias\\\/investigadora-adjunta-del-c-maria-estrella-alcaman-expone-en-congreso-de-microbiologia-2\\\/#breadcrumb\",\"itemListElement\":[{\"@type\":\"ListItem\",\"position\":1,\"name\":\"Home\",\"item\":\"https:\\\/\\\/cmas.udd.cl\\\/\"},{\"@type\":\"ListItem\",\"position\":2,\"name\":\"cplus_noticias\",\"item\":\"https:\\\/\\\/cmas.udd.cl\\\/cplus_noticias\\\/\"},{\"@type\":\"ListItem\",\"position\":3,\"name\":\"Investigadora adjunta del C+, Mar\u00eda Estrella Alcam\u00e1n, expone en Congreso de Microbiolog\u00eda\"}]},{\"@type\":\"WebSite\",\"@id\":\"https:\\\/\\\/cmas.udd.cl\\\/#website\",\"url\":\"https:\\\/\\\/cmas.udd.cl\\\/\",\"name\":\"C+\",\"description\":\"Centro Investigaci\u00f3n enTecnolog\u00edas para la Sociedad\",\"publisher\":{\"@id\":\"https:\\\/\\\/cmas.udd.cl\\\/#organization\"},\"potentialAction\":[{\"@type\":\"SearchAction\",\"target\":{\"@type\":\"EntryPoint\",\"urlTemplate\":\"https:\\\/\\\/cmas.udd.cl\\\/?s={search_term_string}\"},\"query-input\":{\"@type\":\"PropertyValueSpecification\",\"valueRequired\":true,\"valueName\":\"search_term_string\"}}],\"inLanguage\":\"en-US\"},{\"@type\":\"Organization\",\"@id\":\"https:\\\/\\\/cmas.udd.cl\\\/#organization\",\"name\":\"C+\",\"url\":\"https:\\\/\\\/cmas.udd.cl\\\/\",\"logo\":{\"@type\":\"ImageObject\",\"inLanguage\":\"en-US\",\"@id\":\"https:\\\/\\\/cmas.udd.cl\\\/#\\\/schema\\\/logo\\\/image\\\/\",\"url\":\"https:\\\/\\\/cmas.udd.cl\\\/wp-content\\\/uploads\\\/2023\\\/05\\\/Logo-compuesto-UDD-Cmas.png\",\"contentUrl\":\"https:\\\/\\\/cmas.udd.cl\\\/wp-content\\\/uploads\\\/2023\\\/05\\\/Logo-compuesto-UDD-Cmas.png\",\"width\":695,\"height\":72,\"caption\":\"C+\"},\"image\":{\"@id\":\"https:\\\/\\\/cmas.udd.cl\\\/#\\\/schema\\\/logo\\\/image\\\/\"}}]}<\/script>\n<!-- \/ Yoast SEO plugin. -->","yoast_head_json":{"title":"Investigadora adjunta del C+, Mar\u00eda Estrella Alcam\u00e1n, expone en Congreso de Microbiolog\u00eda - C+","robots":{"index":"index","follow":"follow","max-snippet":"max-snippet:-1","max-image-preview":"max-image-preview:large","max-video-preview":"max-video-preview:-1"},"canonical":"https:\/\/cmas.udd.cl\/en\/cplus_noticias\/investigadora-adjunta-del-c-maria-estrella-alcaman-expone-en-congreso-de-microbiologia-2\/","og_locale":"en_US","og_type":"article","og_title":"Investigadora adjunta del C+, Mar\u00eda Estrella Alcam\u00e1n, expone en Congreso de Microbiolog\u00eda - C+","og_description":"Hace algunos d\u00edas, la investigadora adjunta del Centro de Investigaci\u00f3n en Tecnolog\u00edas para la Sociedad (C+) de la Facultad de Ingenier\u00eda, Mar\u00eda Estrella Alcam\u00e1n, particip\u00f3 en el \u201cXLIV Congreso Chileno de Microbiolog\u00eda\u201d en la ciudad de La Serena. El evento, es organizado a\u00f1o a a\u00f1o por la Sociedad de Microbiolog\u00eda de Chile (SOMICH), la que [&hellip;]","og_url":"https:\/\/cmas.udd.cl\/en\/cplus_noticias\/investigadora-adjunta-del-c-maria-estrella-alcaman-expone-en-congreso-de-microbiologia-2\/","og_site_name":"C+","article_modified_time":"2023-02-16T20:45:27+00:00","og_image":[{"width":680,"height":382,"url":"https:\/\/cmas.udd.cl\/wp-content\/uploads\/2022\/12\/whatsapp-image-2022-12-05-at-10-50-39-680x382-1.jpeg","type":"image\/jpeg"}],"twitter_card":"summary_large_image","twitter_misc":{"Est. reading time":"2 minutes"},"schema":{"@context":"https:\/\/schema.org","@graph":[{"@type":"WebPage","@id":"https:\/\/cmas.udd.cl\/cplus_noticias\/investigadora-adjunta-del-c-maria-estrella-alcaman-expone-en-congreso-de-microbiologia-2\/","url":"https:\/\/cmas.udd.cl\/cplus_noticias\/investigadora-adjunta-del-c-maria-estrella-alcaman-expone-en-congreso-de-microbiologia-2\/","name":"Investigadora adjunta del C+, Mar\u00eda Estrella Alcam\u00e1n, expone en Congreso de Microbiolog\u00eda - C+","isPartOf":{"@id":"https:\/\/cmas.udd.cl\/#website"},"primaryImageOfPage":{"@id":"https:\/\/cmas.udd.cl\/cplus_noticias\/investigadora-adjunta-del-c-maria-estrella-alcaman-expone-en-congreso-de-microbiologia-2\/#primaryimage"},"image":{"@id":"https:\/\/cmas.udd.cl\/cplus_noticias\/investigadora-adjunta-del-c-maria-estrella-alcaman-expone-en-congreso-de-microbiologia-2\/#primaryimage"},"thumbnailUrl":"https:\/\/cmas.udd.cl\/wp-content\/uploads\/2022\/12\/whatsapp-image-2022-12-05-at-10-50-39-680x382-1.jpeg","datePublished":"2022-12-05T13:56:39+00:00","dateModified":"2023-02-16T20:45:27+00:00","breadcrumb":{"@id":"https:\/\/cmas.udd.cl\/cplus_noticias\/investigadora-adjunta-del-c-maria-estrella-alcaman-expone-en-congreso-de-microbiologia-2\/#breadcrumb"},"inLanguage":"en-US","potentialAction":[{"@type":"ReadAction","target":["https:\/\/cmas.udd.cl\/cplus_noticias\/investigadora-adjunta-del-c-maria-estrella-alcaman-expone-en-congreso-de-microbiologia-2\/"]}]},{"@type":"ImageObject","inLanguage":"en-US","@id":"https:\/\/cmas.udd.cl\/cplus_noticias\/investigadora-adjunta-del-c-maria-estrella-alcaman-expone-en-congreso-de-microbiologia-2\/#primaryimage","url":"https:\/\/cmas.udd.cl\/wp-content\/uploads\/2022\/12\/whatsapp-image-2022-12-05-at-10-50-39-680x382-1.jpeg","contentUrl":"https:\/\/cmas.udd.cl\/wp-content\/uploads\/2022\/12\/whatsapp-image-2022-12-05-at-10-50-39-680x382-1.jpeg","width":680,"height":382},{"@type":"BreadcrumbList","@id":"https:\/\/cmas.udd.cl\/cplus_noticias\/investigadora-adjunta-del-c-maria-estrella-alcaman-expone-en-congreso-de-microbiologia-2\/#breadcrumb","itemListElement":[{"@type":"ListItem","position":1,"name":"Home","item":"https:\/\/cmas.udd.cl\/"},{"@type":"ListItem","position":2,"name":"cplus_noticias","item":"https:\/\/cmas.udd.cl\/cplus_noticias\/"},{"@type":"ListItem","position":3,"name":"Investigadora adjunta del C+, Mar\u00eda Estrella Alcam\u00e1n, expone en Congreso de Microbiolog\u00eda"}]},{"@type":"WebSite","@id":"https:\/\/cmas.udd.cl\/#website","url":"https:\/\/cmas.udd.cl\/","name":"C+","description":"Centro Investigaci\u00f3n enTecnolog\u00edas para la Sociedad","publisher":{"@id":"https:\/\/cmas.udd.cl\/#organization"},"potentialAction":[{"@type":"SearchAction","target":{"@type":"EntryPoint","urlTemplate":"https:\/\/cmas.udd.cl\/?s={search_term_string}"},"query-input":{"@type":"PropertyValueSpecification","valueRequired":true,"valueName":"search_term_string"}}],"inLanguage":"en-US"},{"@type":"Organization","@id":"https:\/\/cmas.udd.cl\/#organization","name":"C+","url":"https:\/\/cmas.udd.cl\/","logo":{"@type":"ImageObject","inLanguage":"en-US","@id":"https:\/\/cmas.udd.cl\/#\/schema\/logo\/image\/","url":"https:\/\/cmas.udd.cl\/wp-content\/uploads\/2023\/05\/Logo-compuesto-UDD-Cmas.png","contentUrl":"https:\/\/cmas.udd.cl\/wp-content\/uploads\/2023\/05\/Logo-compuesto-UDD-Cmas.png","width":695,"height":72,"caption":"C+"},"image":{"@id":"https:\/\/cmas.udd.cl\/#\/schema\/logo\/image\/"}}]}},"_links":{"self":[{"href":"https:\/\/cmas.udd.cl\/en\/wp-json\/wp\/v2\/cplus_noticias\/1308","targetHints":{"allow":["GET"]}}],"collection":[{"href":"https:\/\/cmas.udd.cl\/en\/wp-json\/wp\/v2\/cplus_noticias"}],"about":[{"href":"https:\/\/cmas.udd.cl\/en\/wp-json\/wp\/v2\/types\/cplus_noticias"}],"version-history":[{"count":0,"href":"https:\/\/cmas.udd.cl\/en\/wp-json\/wp\/v2\/cplus_noticias\/1308\/revisions"}],"wp:featuredmedia":[{"embeddable":true,"href":"https:\/\/cmas.udd.cl\/en\/wp-json\/wp\/v2\/media\/1309"}],"wp:attachment":[{"href":"https:\/\/cmas.udd.cl\/en\/wp-json\/wp\/v2\/media?parent=1308"}],"wp:term":[{"taxonomy":"taxo_noticias","embeddable":true,"href":"https:\/\/cmas.udd.cl\/en\/wp-json\/wp\/v2\/taxo_noticias?post=1308"},{"taxonomy":"grupo-de-investigacion","embeddable":true,"href":"https:\/\/cmas.udd.cl\/en\/wp-json\/wp\/v2\/grupo-de-investigacion?post=1308"}],"curies":[{"name":"wp","href":"https:\/\/api.w.org\/{rel}","templated":true}]}}